{"id":7869,"date":"2024-04-02T12:26:36","date_gmt":"2024-04-02T12:26:36","guid":{"rendered":"https:\/\/skyblue-llama-938396.hostingersite.com\/?p=7869"},"modified":"2026-04-02T12:50:44","modified_gmt":"2026-04-02T12:50:44","slug":"photoshoot-at-vilnius-wedding-palace","status":"publish","type":"post","link":"https:\/\/framedbyevelina.com\/lt\/photoshoot-at-vilnius-wedding-palace\/","title":{"rendered":"Vestuvi\u0173 Ceremonija Vilniaus Santuok\u0173 r\u016bmuose"},"content":{"rendered":"<div class=\"wp-block-stackable-columns alignwide stk-block-columns stk-block stk-2eac929\" data-block-id=\"2eac929\"><style>.stk-2eac929 {margin-bottom:0px !important;}<\/style><div class=\"stk-row stk-inner-blocks stk-block-content stk-content-align stk-2eac929-column alignwide\">\n<div class=\"wp-block-stackable-column stk-block-column stk-column stk-block stk-f0dd546\" data-v=\"4\" data-block-id=\"f0dd546\"><div class=\"stk-column-wrapper stk-block-column__content stk-container stk-f0dd546-container stk--no-background stk--no-padding\"><div class=\"stk-block-content stk-inner-blocks stk-f0dd546-inner-blocks\">\n<div class=\"wp-block-stackable-columns alignwide stk-block-columns stk-block stk-7fd6513\" data-block-id=\"7fd6513\"><style>.stk-7fd6513 {margin-bottom:50px !important;}<\/style><div class=\"stk-row stk-inner-blocks stk-block-content stk-content-align stk-7fd6513-column alignwide\">\n<div class=\"wp-block-stackable-column stk-block-column stk-column stk-block stk-9984cfd\" data-v=\"4\" data-block-id=\"9984cfd\"><div class=\"stk-column-wrapper stk-block-column__content stk-container stk-9984cfd-container stk--no-background stk--no-padding\"><div class=\"stk-block-content stk-inner-blocks stk-9984cfd-inner-blocks\">\n<nav class=\"wp-block-stackable-table-of-contents stk-block-table-of-contents stk-block stk-027a3f5\" data-block-id=\"027a3f5\"><p class=\"stk-table-of-contents__title\"><strong>\u0160iame puslapyje:<\/strong>:<\/p><ul class=\"stk-table-of-contents__table\"><li><a href=\"#how-is-the-whole-ceremony-going\">Kaip vyksta visa ceremonija?<\/a><\/li><li><a href=\"#when-you-can-get-married\">Kuriom savait\u0117s dienomis galima susituokti?<\/a><\/li><li><a href=\"#what-documents-to-bring\">Kokius dokumentus reikia atsine\u0161ti?<\/a><\/li><li><a href=\"#how-much-does-it-cost-to-register-a-marriage\">Kiek kainuoja santuokos registravimas?<\/a><\/li><li><a href=\"#where-to-seat-guests\">Kur sodinti sve\u010dius?<\/a><\/li><li><a href=\"#can-we-read-our-vows\">Ar galima skaityti savo \u012f\u017eadus?<\/a><\/li><li><a href=\"#do-we-need-to-bring-rings\">Ar reikia atsine\u0161ti \u017eiedus?<\/a><\/li><li><a href=\"#where-to-register-for-ceremony-what-are-the-requirements\">Kur ir kaip pateikti pra\u0161ym\u0105? Kokios yra s\u0105lygos?<\/a><\/li><li><a href=\"#where-to-take-photos-near-the-wedding-palace\">Kur galima nusifotografuoti netoli Vilniaus santuokos r\u016bm\u0173?<\/a><\/li><\/ul><\/nav>\n<\/div><\/div><\/div>\n<\/div><\/div>\n<\/div><\/div><\/div>\n<\/div><\/div>\n\n\n\n<div class=\"wp-block-stackable-columns alignwide stk-block-columns stk-block stk-5e7359d\" data-block-id=\"5e7359d\"><div class=\"stk-row stk-inner-blocks stk-block-content stk-content-align stk-5e7359d-column alignwide\">\n<div class=\"wp-block-stackable-column stk-block-column stk-column stk-block stk-4b2c37e\" data-v=\"4\" data-block-id=\"4b2c37e\"><div class=\"stk-column-wrapper stk-block-column__content stk-container stk-4b2c37e-container stk--no-background stk--no-padding\"><div class=\"stk-block-content stk-inner-blocks stk-4b2c37e-inner-blocks\">\n<div class=\"wp-block-stackable-heading stk-block-heading stk-block-heading--v2 stk-block stk-9f5eeb5\" id=\"how-is-the-whole-ceremony-going\" data-block-id=\"9f5eeb5\"><style>.stk-9f5eeb5 {max-width:1500px !important;min-width:auto !important;padding-top:0% !important;padding-right:15% !important;padding-bottom:0% !important;padding-left:15% !important;margin-bottom:28px !important;}.stk-9f5eeb5 .stk-block-heading__text{font-size:2.1rem !important;font-weight:600 !important;font-family:\"Merriweather\", Sans-serif !important;}@media screen and (max-width:999px){.stk-9f5eeb5 .stk-block-heading__text{font-size:2.1rem !important;}}@media screen and (max-width:689px){.stk-9f5eeb5 {padding-top:0px !important;padding-right:15px !important;padding-bottom:0px !important;padding-left:15px !important;margin-bottom:16px !important;}.stk-9f5eeb5 .stk-block-heading__text{font-size:1.6rem !important;}}<\/style><h2 class=\"stk-block-heading__text has-text-align-center\">Kaip vyksta visa ceremonija?<\/h2><\/div>\n\n\n\n<div class=\"wp-block-stackable-text stk-block-text stk-block stk-eda1ab1\" data-block-id=\"eda1ab1\"><style>.stk-eda1ab1 {margin-bottom:30px !important;}.stk-eda1ab1 .stk-block-text__text{font-size:1.2rem !important;}@media screen and (max-width:999px){.stk-eda1ab1 .stk-block-text__text{font-size:1.2rem !important;}}@media screen and (max-width:689px){.stk-eda1ab1 {margin-bottom:12px !important;}.stk-eda1ab1 .stk-block-text__text{font-size:1.1rem !important;}}<\/style><p class=\"stk-block-text__text has-text-align-justify\">Vis\u0173 pirma, b\u016btinai atvykite \u0161iek tiek anks\u010diau ir paduokite j\u016bs\u0173 dokumentus personalui (jie da\u017enai tikrina foj\u0117 ir prieina prie jaun\u0173j\u0173 pasiklaust kokiu laiku ceremonija ir ar jau pridav\u0117 dokumentus). Po to personalas papasakos pro kurias duris reik\u0117s \u012feiti (ir prieiti laukti), ir per kurias duris i\u0161eisite po ceremonijos - nes skiriasi. Ta\u010diau d\u0117l nieko nereikia pergyvent, jus visur palyd\u0117s personalas.<br><br>Po ceremonijos, busite palyd\u0117ti \u012f kit\u0105 sal\u0119 kur gal\u0117site praleisti apie 15 minu\u010di\u0173 su savo sve\u010diais (tol kol vyksta senkanti ceremonija).<\/p><\/div>\n\n\n\n<div class=\"wp-block-stackable-columns stk-block-columns stk-block stk-337977b\" data-block-id=\"337977b\"><style>.stk-337977b-column{--stk-columns-spacing:0px !important;--stk-column-gap:20px !important;}@media screen and (max-width:689px){.stk-337977b-column{row-gap:15px !important;}}<\/style><div class=\"stk-row stk-inner-blocks stk-block-content stk-content-align stk-337977b-column\">\n<div class=\"wp-block-stackable-column stk-block-column stk-column stk-block stk-4718ad5\" data-v=\"4\" data-block-id=\"4718ad5\"><style>.stk-4718ad5-container{padding-top:0px !important;padding-right:0px !important;padding-bottom:0px !important;padding-left:0px !important;}<\/style><div class=\"stk-column-wrapper stk-block-column__content stk-container stk-4718ad5-container stk--no-background stk--no-padding\"><div class=\"stk-block-content stk-inner-blocks stk-4718ad5-inner-blocks\">\n<div class=\"wp-block-stackable-image stk-block-image stk-block stk-132aea8\" data-block-id=\"132aea8\"><style>.stk-132aea8 {padding-top:0px !important;padding-right:0px !important;padding-bottom:0px !important;padding-left:0px !important;}.stk-132aea8 .stk-img-wrapper{aspect-ratio:2\/3 !important;height:auto !important;}.stk-132aea8 .stk-img-wrapper img{object-position:46% 88% !important;}@media screen and (max-width:999px){.stk-132aea8 .stk-img-wrapper{height:auto !important;}}@media screen and (max-width:689px){.stk-132aea8 .stk-img-wrapper{height:auto !important;}}<\/style><figure><span class=\"stk-img-wrapper stk-image--shape-stretch stk--has-lightbox\"><img fetchpriority=\"high\" decoding=\"async\" class=\"stk-img wp-image-7882\" src=\"https:\/\/framedbyevelina.com\/wp-content\/uploads\/2026\/04\/ceremonija-vilniaus-santuoku-rumuose-scaled.jpg\" width=\"1707\" height=\"2560\" srcset=\"https:\/\/framedbyevelina.com\/wp-content\/uploads\/2026\/04\/ceremonija-vilniaus-santuoku-rumuose-scaled.jpg 1707w, https:\/\/framedbyevelina.com\/wp-content\/uploads\/2026\/04\/ceremonija-vilniaus-santuoku-rumuose-768x1152.jpg 768w, https:\/\/framedbyevelina.com\/wp-content\/uploads\/2026\/04\/ceremonija-vilniaus-santuoku-rumuose-1024x1536.jpg 1024w, https:\/\/framedbyevelina.com\/wp-content\/uploads\/2026\/04\/ceremonija-vilniaus-santuoku-rumuose-1366x2048.jpg 1366w, https:\/\/framedbyevelina.com\/wp-content\/uploads\/2026\/04\/ceremonija-vilniaus-santuoku-rumuose-8x12.jpg 8w\" sizes=\"(max-width: 1707px) 100vw, 1707px\" \/><\/span><\/figure><\/div>\n<\/div><\/div><\/div>\n\n\n\n<div class=\"wp-block-stackable-column stk-block-column stk-column stk-block stk-3108359\" data-v=\"4\" data-block-id=\"3108359\"><div class=\"stk-column-wrapper stk-block-column__content stk-container stk-3108359-container stk--no-background stk--no-padding\"><div class=\"stk-block-content stk-inner-blocks stk-3108359-inner-blocks\">\n<div class=\"wp-block-stackable-image stk-block-image stk-block stk-c22a5d8\" data-block-id=\"c22a5d8\"><style>.stk-c22a5d8 .stk-img-wrapper{aspect-ratio:2\/3 !important;height:auto !important;}.stk-c22a5d8 .stk-img-wrapper img{object-position:46% 30% !important;}@media screen and (max-width:999px){.stk-c22a5d8 .stk-img-wrapper{height:auto !important;}}@media screen and (max-width:689px){.stk-c22a5d8 .stk-img-wrapper{height:auto !important;}}<\/style><figure><span class=\"stk-img-wrapper stk-image--shape-stretch stk--has-lightbox\"><img decoding=\"async\" class=\"stk-img wp-image-7892\" src=\"https:\/\/framedbyevelina.com\/wp-content\/uploads\/2026\/04\/ceremony-in-vilnius-wedding-palace-scaled.jpg\" width=\"1707\" height=\"2560\" srcset=\"https:\/\/framedbyevelina.com\/wp-content\/uploads\/2026\/04\/ceremony-in-vilnius-wedding-palace-scaled.jpg 1707w, https:\/\/framedbyevelina.com\/wp-content\/uploads\/2026\/04\/ceremony-in-vilnius-wedding-palace-768x1152.jpg 768w, https:\/\/framedbyevelina.com\/wp-content\/uploads\/2026\/04\/ceremony-in-vilnius-wedding-palace-1024x1536.jpg 1024w, https:\/\/framedbyevelina.com\/wp-content\/uploads\/2026\/04\/ceremony-in-vilnius-wedding-palace-1366x2048.jpg 1366w, https:\/\/framedbyevelina.com\/wp-content\/uploads\/2026\/04\/ceremony-in-vilnius-wedding-palace-8x12.jpg 8w\" sizes=\"(max-width: 1707px) 100vw, 1707px\" \/><\/span><\/figure><\/div>\n<\/div><\/div><\/div>\n<\/div><\/div>\n\n\n\n<div class=\"wp-block-stackable-image stk-block-image stk-block stk-4428369\" data-block-id=\"4428369\"><style>.stk-4428369 {margin-bottom:36px !important;}<\/style><figure><span class=\"stk-img-wrapper stk-image--shape-stretch stk--has-lightbox\"><img decoding=\"async\" class=\"stk-img wp-image-7887\" src=\"https:\/\/framedbyevelina.com\/wp-content\/uploads\/2026\/04\/vilniaus-santuoku-rumai-jaunuju-ceremonija-scaled.jpg\" width=\"2560\" height=\"1707\" srcset=\"https:\/\/framedbyevelina.com\/wp-content\/uploads\/2026\/04\/vilniaus-santuoku-rumai-jaunuju-ceremonija-scaled.jpg 2560w, https:\/\/framedbyevelina.com\/wp-content\/uploads\/2026\/04\/vilniaus-santuoku-rumai-jaunuju-ceremonija-768x512.jpg 768w, https:\/\/framedbyevelina.com\/wp-content\/uploads\/2026\/04\/vilniaus-santuoku-rumai-jaunuju-ceremonija-1536x1024.jpg 1536w, https:\/\/framedbyevelina.com\/wp-content\/uploads\/2026\/04\/vilniaus-santuoku-rumai-jaunuju-ceremonija-2048x1365.jpg 2048w, https:\/\/framedbyevelina.com\/wp-content\/uploads\/2026\/04\/vilniaus-santuoku-rumai-jaunuju-ceremonija-18x12.jpg 18w\" sizes=\"(max-width: 2560px) 100vw, 2560px\" \/><\/span><\/figure><\/div>\n<\/div><\/div><\/div>\n<\/div><\/div>\n\n\n\n<div class=\"wp-block-stackable-columns alignwide stk-block-columns stk-block stk-6b6dbfe\" data-block-id=\"6b6dbfe\"><style>.stk-6b6dbfe {margin-bottom:50px !important;}<\/style><div class=\"stk-row stk-inner-blocks stk-block-content stk-content-align stk-6b6dbfe-column alignwide\">\n<div class=\"wp-block-stackable-column stk-block-column stk-column stk-block stk-d915fab\" data-v=\"4\" data-block-id=\"d915fab\"><div class=\"stk-column-wrapper stk-block-column__content stk-container stk-d915fab-container stk--no-background stk--no-padding\"><div class=\"stk-block-content stk-inner-blocks stk-d915fab-inner-blocks\">\n<div class=\"wp-block-stackable-heading stk-block-heading stk-block-heading--v2 stk-block stk-952d23f\" id=\"when-you-can-get-married\" data-block-id=\"952d23f\"><style>.stk-952d23f {max-width:1500px !important;min-width:auto !important;padding-top:0% !important;padding-right:15% !important;padding-bottom:0% !important;padding-left:15% !important;margin-bottom:28px !important;}.stk-952d23f .stk-block-heading__text{font-size:2.1rem !important;font-weight:600 !important;font-family:\"Merriweather\", Sans-serif !important;}@media screen and (max-width:999px){.stk-952d23f .stk-block-heading__text{font-size:2.1rem !important;}}@media screen and (max-width:689px){.stk-952d23f {padding-top:0px !important;padding-right:15px !important;padding-bottom:0px !important;padding-left:15px !important;margin-bottom:16px !important;}.stk-952d23f .stk-block-heading__text{font-size:1.6rem !important;}}<\/style><h2 class=\"stk-block-heading__text has-text-align-center\">Kuriom savait\u0117s dienomis galima susituokti?<\/h2><\/div>\n\n\n\n<div class=\"wp-block-stackable-text stk-block-text stk-block stk-943bbe9\" data-block-id=\"943bbe9\"><style>.stk-943bbe9 {margin-bottom:8px !important;}.stk-943bbe9 .stk-block-text__text{font-size:1.2rem !important;}@media screen and (max-width:999px){.stk-943bbe9 .stk-block-text__text{font-size:1.2rem !important;}}@media screen and (max-width:689px){.stk-943bbe9 {margin-bottom:12px !important;}.stk-943bbe9 .stk-block-text__text{font-size:1.1rem !important;}}<\/style><p class=\"stk-block-text__text has-text-align-justify\">Susituokti \u0161iame skyriuje galite <strong>ketvirtadieniais, penktadieniais <\/strong>ir <strong>\u0161e\u0161tadieniais <\/strong>. <br><br>Nesijaudinkite, jei \u0161ios dienos neatitinka dabartini\u0173 plan\u0173, kadangi <strong>kitomis savait\u0117s dienomis ceremonija galima organizuotis Vilniaus rajono metrikacijos skyriuje.<\/strong>. <br><br>Abi metrikacijos daro i\u0161va\u017eiuojamasias ceremonijas.<\/p><\/div>\n<\/div><\/div><\/div>\n<\/div><\/div>\n\n\n\n<div class=\"wp-block-stackable-columns alignwide stk-block-columns stk-block stk-56071e7\" data-block-id=\"56071e7\"><style>.stk-56071e7 {margin-bottom:50px !important;}<\/style><div class=\"stk-row stk-inner-blocks stk-block-content stk-content-align stk-56071e7-column alignwide\">\n<div class=\"wp-block-stackable-column stk-block-column stk-column stk-block stk-7d0e701\" data-v=\"4\" data-block-id=\"7d0e701\"><div class=\"stk-column-wrapper stk-block-column__content stk-container stk-7d0e701-container stk--no-background stk--no-padding\"><div class=\"stk-block-content stk-inner-blocks stk-7d0e701-inner-blocks\">\n<div class=\"wp-block-stackable-heading stk-block-heading stk-block-heading--v2 stk-block stk-3366de3\" id=\"what-documents-to-bring\" data-block-id=\"3366de3\"><style>.stk-3366de3 {max-width:1500px !important;min-width:auto !important;padding-top:0% !important;padding-right:15% !important;padding-bottom:0% !important;padding-left:15% !important;margin-bottom:28px !important;}.stk-3366de3 .stk-block-heading__text{font-size:2.1rem !important;font-weight:600 !important;font-family:\"Merriweather\", Sans-serif !important;}@media screen and (max-width:999px){.stk-3366de3 .stk-block-heading__text{font-size:2.1rem !important;}}@media screen and (max-width:689px){.stk-3366de3 {padding-top:0px !important;padding-right:15px !important;padding-bottom:0px !important;padding-left:15px !important;margin-bottom:16px !important;}.stk-3366de3 .stk-block-heading__text{font-size:1.6rem !important;}}<\/style><h2 class=\"stk-block-heading__text has-text-align-center\">Kokius dokumentus reikia atsine\u0161ti?<\/h2><\/div>\n\n\n\n<div class=\"wp-block-stackable-text stk-block-text stk-block stk-9f5559a\" data-block-id=\"9f5559a\"><style>.stk-9f5559a {margin-bottom:8px !important;}.stk-9f5559a .stk-block-text__text{font-size:1.2rem !important;}@media screen and (max-width:999px){.stk-9f5559a .stk-block-text__text{font-size:1.2rem !important;}}@media screen and (max-width:689px){.stk-9f5559a {margin-bottom:12px !important;}.stk-9f5559a .stk-block-text__text{font-size:1.1rem !important;}}<\/style><p class=\"stk-block-text__text has-text-align-justify\">Labai svarbu, kad <strong>atsine\u0161tum\u0117te tuos pa\u010dius asmens dokumentus, kuriuos naudotojot pildydami pra\u0161ym\u0105<\/strong>. If the documents don\u2019t match, your marriage cannot be officially registered. If you don&#8217;t remember which one you used &#8211; bring all documents. <br><br> Also, it&#8217;s important you maid of honor also bring their documents.<\/p><\/div>\n<\/div><\/div><\/div>\n<\/div><\/div>\n\n\n\n<div class=\"wp-block-stackable-columns alignwide stk-block-columns stk-block stk-d0e1c40\" data-block-id=\"d0e1c40\"><style>.stk-d0e1c40 {margin-bottom:50px !important;}<\/style><div class=\"stk-row stk-inner-blocks stk-block-content stk-content-align stk-d0e1c40-column alignwide\">\n<div class=\"wp-block-stackable-column stk-block-column stk-column stk-block stk-da94c67\" data-v=\"4\" data-block-id=\"da94c67\"><div class=\"stk-column-wrapper stk-block-column__content stk-container stk-da94c67-container stk--no-background stk--no-padding\"><div class=\"stk-block-content stk-inner-blocks stk-da94c67-inner-blocks\">\n<div class=\"wp-block-stackable-heading stk-block-heading stk-block-heading--v2 stk-block stk-335c958\" id=\"how-much-does-it-cost-to-register-a-marriage\" data-block-id=\"335c958\"><style>.stk-335c958 {max-width:1500px !important;min-width:auto !important;padding-top:0% !important;padding-right:15% !important;padding-bottom:0% !important;padding-left:15% !important;margin-bottom:28px !important;}.stk-335c958 .stk-block-heading__text{font-size:2.1rem !important;font-weight:600 !important;font-family:\"Merriweather\", Sans-serif !important;}@media screen and (max-width:999px){.stk-335c958 .stk-block-heading__text{font-size:2.1rem !important;}}@media screen and (max-width:689px){.stk-335c958 {padding-top:0px !important;padding-right:15px !important;padding-bottom:0px !important;padding-left:15px !important;margin-bottom:16px !important;}.stk-335c958 .stk-block-heading__text{font-size:1.6rem !important;}}<\/style><h2 class=\"stk-block-heading__text has-text-align-center\">Kiek kainuoja santuokos registravimas?<\/h2><\/div>\n\n\n\n<div class=\"wp-block-stackable-text stk-block-text stk-block stk-d38bef9\" data-block-id=\"d38bef9\"><style>.stk-d38bef9 {margin-bottom:22px !important;}.stk-d38bef9 .stk-block-text__text{font-size:1.2rem !important;}@media screen and (max-width:999px){.stk-d38bef9 .stk-block-text__text{font-size:1.2rem !important;}}@media screen and (max-width:689px){.stk-d38bef9 {margin-bottom:12px !important;}.stk-d38bef9 .stk-block-text__text{font-size:1.1rem !important;}}<\/style><p class=\"stk-block-text__text has-text-align-justify\">30 EUR \u2014 jei nor\u0117site ceremonijos Santuok\u0173 r\u016bmuose.<br><br>70 EUR \u2014 jei norite i\u0161va\u017eiuojamos santuokos (plius kelion\u0117s i\u0161laidos \u012f pasirinkt\u0105 viet\u0105).<br><br>Jei norite gauti santuokos sudarymo i\u0161ra\u0161\u0105, tai papildomai kainuos 6,2 EUR.<\/p><\/div>\n\n\n\n<div class=\"wp-block-stackable-columns stk-block-columns stk-block stk-b0252ba\" data-block-id=\"b0252ba\"><style>.stk-b0252ba-column{--stk-columns-spacing:0px !important;--stk-column-gap:20px !important;}@media screen and (max-width:689px){.stk-b0252ba-column{row-gap:15px !important;}}<\/style><div class=\"stk-row stk-inner-blocks stk-block-content stk-content-align stk-b0252ba-column\">\n<div class=\"wp-block-stackable-column stk-block-column stk-column stk-block stk-2008505\" data-v=\"4\" data-block-id=\"2008505\"><style>.stk-2008505-container{padding-top:0px !important;padding-right:0px !important;padding-bottom:0px !important;padding-left:0px !important;}<\/style><div class=\"stk-column-wrapper stk-block-column__content stk-container stk-2008505-container stk--no-background stk--no-padding\"><div class=\"stk-block-content stk-inner-blocks stk-2008505-inner-blocks\">\n<div class=\"wp-block-stackable-image stk-block-image stk-block stk-93c9990\" data-block-id=\"93c9990\"><style>.stk-93c9990 {padding-top:0px !important;padding-right:0px !important;padding-bottom:0px !important;padding-left:0px !important;}.stk-93c9990 .stk-img-wrapper{aspect-ratio:2\/3 !important;height:auto !important;}.stk-93c9990 .stk-img-wrapper img{object-position:46% 88% !important;}@media screen and (max-width:999px){.stk-93c9990 .stk-img-wrapper{height:auto !important;}}@media screen and (max-width:689px){.stk-93c9990 .stk-img-wrapper{height:auto !important;}}<\/style><figure><span class=\"stk-img-wrapper stk-image--shape-stretch stk--has-lightbox\"><img loading=\"lazy\" decoding=\"async\" class=\"stk-img wp-image-7911\" src=\"https:\/\/framedbyevelina.com\/wp-content\/uploads\/2026\/04\/kaip-vyksta-ceremonija-vilniaus-santuoku-rumuose-scaled.jpg\" width=\"1707\" height=\"2560\" alt=\"kaip vyksta ceremonija vilniaus santuoku rumuose\" srcset=\"https:\/\/framedbyevelina.com\/wp-content\/uploads\/2026\/04\/kaip-vyksta-ceremonija-vilniaus-santuoku-rumuose-scaled.jpg 1707w, https:\/\/framedbyevelina.com\/wp-content\/uploads\/2026\/04\/kaip-vyksta-ceremonija-vilniaus-santuoku-rumuose-768x1152.jpg 768w, https:\/\/framedbyevelina.com\/wp-content\/uploads\/2026\/04\/kaip-vyksta-ceremonija-vilniaus-santuoku-rumuose-1024x1536.jpg 1024w, https:\/\/framedbyevelina.com\/wp-content\/uploads\/2026\/04\/kaip-vyksta-ceremonija-vilniaus-santuoku-rumuose-1366x2048.jpg 1366w, https:\/\/framedbyevelina.com\/wp-content\/uploads\/2026\/04\/kaip-vyksta-ceremonija-vilniaus-santuoku-rumuose-8x12.jpg 8w\" sizes=\"(max-width: 1707px) 100vw, 1707px\" \/><\/span><\/figure><\/div>\n<\/div><\/div><\/div>\n\n\n\n<div class=\"wp-block-stackable-column stk-block-column stk-column stk-block stk-41aeede\" data-v=\"4\" data-block-id=\"41aeede\"><div class=\"stk-column-wrapper stk-block-column__content stk-container stk-41aeede-container stk--no-background stk--no-padding\"><div class=\"stk-block-content stk-inner-blocks stk-41aeede-inner-blocks\">\n<div class=\"wp-block-stackable-image stk-block-image stk-block stk-844bf81\" data-block-id=\"844bf81\"><style>.stk-844bf81 .stk-img-wrapper{aspect-ratio:2\/3 !important;height:auto !important;}.stk-844bf81 .stk-img-wrapper img{object-position:46% 30% !important;}@media screen and (max-width:999px){.stk-844bf81 .stk-img-wrapper{height:auto !important;}}@media screen and (max-width:689px){.stk-844bf81 .stk-img-wrapper{height:auto !important;}}<\/style><figure><span class=\"stk-img-wrapper stk-image--shape-stretch stk--has-lightbox\"><img loading=\"lazy\" decoding=\"async\" class=\"stk-img wp-image-7912\" src=\"https:\/\/framedbyevelina.com\/wp-content\/uploads\/2026\/04\/fotosesija-prie-vilniaus-santuoku-rumu-senamiestis-scaled.jpg\" width=\"1707\" height=\"2560\" alt=\"fotosesija prie vilniaus santuoku rumu senamiestis\" srcset=\"https:\/\/framedbyevelina.com\/wp-content\/uploads\/2026\/04\/fotosesija-prie-vilniaus-santuoku-rumu-senamiestis-scaled.jpg 1707w, https:\/\/framedbyevelina.com\/wp-content\/uploads\/2026\/04\/fotosesija-prie-vilniaus-santuoku-rumu-senamiestis-768x1152.jpg 768w, https:\/\/framedbyevelina.com\/wp-content\/uploads\/2026\/04\/fotosesija-prie-vilniaus-santuoku-rumu-senamiestis-1024x1536.jpg 1024w, https:\/\/framedbyevelina.com\/wp-content\/uploads\/2026\/04\/fotosesija-prie-vilniaus-santuoku-rumu-senamiestis-1366x2048.jpg 1366w, https:\/\/framedbyevelina.com\/wp-content\/uploads\/2026\/04\/fotosesija-prie-vilniaus-santuoku-rumu-senamiestis-8x12.jpg 8w\" sizes=\"(max-width: 1707px) 100vw, 1707px\" \/><\/span><\/figure><\/div>\n<\/div><\/div><\/div>\n<\/div><\/div>\n<\/div><\/div><\/div>\n<\/div><\/div>\n\n\n\n<div class=\"wp-block-stackable-columns alignwide stk-block-columns stk-block stk-382a646\" data-block-id=\"382a646\"><style>.stk-382a646 {margin-bottom:34px !important;}<\/style><div class=\"stk-row stk-inner-blocks stk-block-content stk-content-align stk-382a646-column alignwide\">\n<div class=\"wp-block-stackable-column stk-block-column stk-column stk-block stk-79ef281\" data-v=\"4\" data-block-id=\"79ef281\"><div class=\"stk-column-wrapper stk-block-column__content stk-container stk-79ef281-container stk--no-background stk--no-padding\"><div class=\"stk-block-content stk-inner-blocks stk-79ef281-inner-blocks\">\n<div class=\"wp-block-stackable-heading stk-block-heading stk-block-heading--v2 stk-block stk-27161f0\" id=\"where-to-seat-guests\" data-block-id=\"27161f0\"><style>.stk-27161f0 {max-width:1500px !important;min-width:auto !important;padding-top:0% !important;padding-right:15% !important;padding-bottom:0% !important;padding-left:15% !important;margin-bottom:28px !important;}.stk-27161f0 .stk-block-heading__text{font-size:2.1rem !important;font-weight:600 !important;font-family:\"Merriweather\", Sans-serif !important;}@media screen and (max-width:999px){.stk-27161f0 .stk-block-heading__text{font-size:2.1rem !important;}}@media screen and (max-width:689px){.stk-27161f0 {padding-top:0px !important;padding-right:15px !important;padding-bottom:0px !important;padding-left:15px !important;margin-bottom:16px !important;}.stk-27161f0 .stk-block-heading__text{font-size:1.6rem !important;}}<\/style><h2 class=\"stk-block-heading__text has-text-align-center\">Kur sodinti sve\u010dius?<\/h2><\/div>\n\n\n\n<div class=\"wp-block-stackable-text stk-block-text stk-block stk-b886871\" data-block-id=\"b886871\"><style>.stk-b886871 {margin-bottom:8px !important;}.stk-b886871 .stk-block-text__text{font-size:1.2rem !important;}@media screen and (max-width:999px){.stk-b886871 .stk-block-text__text{font-size:1.2rem !important;}}@media screen and (max-width:689px){.stk-b886871 {margin-bottom:12px !important;}.stk-b886871 .stk-block-text__text{font-size:1.1rem !important;}}<\/style><p class=\"stk-block-text__text has-text-align-justify\">Rekomenduo\u010diau i\u0161 anksto nuspr\u0119sti, kur nor\u0117tum\u0117te sodinti sve\u010dius per ceremonij\u0105. Jeigu jums netrukdo, galite sodinti i\u0161 galo u\u017e sav\u0119s, taip kaip nuotraukoje \u017eemiau. I\u0161 fotografo perspektyvos, patar\u010diau visus susodint ar papra\u0161yti steb\u0117ti ceremonij\u0105 prie\u0161 lang\u0105 (prie\u0161ais vis\u0105 ceremonij\u0105), kad nuotraukos gautus \u0161varesn\u0117s, be apkrauto fono. Su sve\u010diais galima visada pasidaryti nuotrauk\u0173 ir po ceremonijos.<\/p><\/div>\n<\/div><\/div><\/div>\n<\/div><\/div>\n\n\n\n<div class=\"wp-block-stackable-columns alignwide stk-block-columns stk-block stk-2002957\" data-block-id=\"2002957\"><style>.stk-2002957 {margin-bottom:50px !important;}<\/style><div class=\"stk-row stk-inner-blocks stk-block-content stk-content-align stk-2002957-column alignwide\">\n<div class=\"wp-block-stackable-column stk-block-column stk-column stk-block stk-363dbb0\" data-v=\"4\" data-block-id=\"363dbb0\"><div class=\"stk-column-wrapper stk-block-column__content stk-container stk-363dbb0-container stk--no-background stk--no-padding\"><div class=\"stk-block-content stk-inner-blocks stk-363dbb0-inner-blocks\">\n<div class=\"wp-block-stackable-image stk-block-image stk-block stk-6e9330c\" data-block-id=\"6e9330c\"><style>.stk-6e9330c {margin-bottom:50px !important;}<\/style><figure><span class=\"stk-img-wrapper stk-image--shape-stretch stk--has-lightbox\"><img loading=\"lazy\" decoding=\"async\" class=\"stk-img wp-image-7922\" src=\"https:\/\/framedbyevelina.com\/wp-content\/uploads\/2026\/04\/santuoka-ir-sveciai-vilniaus-santuoku-rumai-scaled.jpg\" width=\"2560\" height=\"1707\" alt=\"santuoka ir sveciai vilniaus santuoku rumai\" srcset=\"https:\/\/framedbyevelina.com\/wp-content\/uploads\/2026\/04\/santuoka-ir-sveciai-vilniaus-santuoku-rumai-scaled.jpg 2560w, https:\/\/framedbyevelina.com\/wp-content\/uploads\/2026\/04\/santuoka-ir-sveciai-vilniaus-santuoku-rumai-768x512.jpg 768w, https:\/\/framedbyevelina.com\/wp-content\/uploads\/2026\/04\/santuoka-ir-sveciai-vilniaus-santuoku-rumai-1536x1024.jpg 1536w, https:\/\/framedbyevelina.com\/wp-content\/uploads\/2026\/04\/santuoka-ir-sveciai-vilniaus-santuoku-rumai-2048x1366.jpg 2048w, https:\/\/framedbyevelina.com\/wp-content\/uploads\/2026\/04\/santuoka-ir-sveciai-vilniaus-santuoku-rumai-18x12.jpg 18w\" sizes=\"(max-width: 2560px) 100vw, 2560px\" \/><\/span><\/figure><\/div>\n\n\n\n<div class=\"wp-block-stackable-heading stk-block-heading stk-block-heading--v2 stk-block stk-cb81dfc\" id=\"can-we-read-our-vows\" data-block-id=\"cb81dfc\"><style>.stk-cb81dfc {max-width:1500px !important;min-width:auto !important;padding-top:0% !important;padding-right:15% !important;padding-bottom:0% !important;padding-left:15% !important;margin-bottom:28px !important;}.stk-cb81dfc .stk-block-heading__text{font-size:2.1rem !important;font-weight:600 !important;font-family:\"Merriweather\", Sans-serif !important;}@media screen and (max-width:999px){.stk-cb81dfc .stk-block-heading__text{font-size:2.1rem !important;}}@media screen and (max-width:689px){.stk-cb81dfc {padding-top:0px !important;padding-right:15px !important;padding-bottom:0px !important;padding-left:15px !important;margin-bottom:16px !important;}.stk-cb81dfc .stk-block-heading__text{font-size:1.6rem !important;}}<\/style><h2 class=\"stk-block-heading__text has-text-align-center\">Ar galima skaityti savo \u012f\u017eadus?<\/h2><\/div>\n\n\n\n<div class=\"wp-block-stackable-text stk-block-text stk-block stk-379999e\" data-block-id=\"379999e\"><style>.stk-379999e {margin-bottom:33px !important;}.stk-379999e .stk-block-text__text{font-size:1.2rem !important;}@media screen and (max-width:999px){.stk-379999e .stk-block-text__text{font-size:1.2rem !important;}}@media screen and (max-width:689px){.stk-379999e {margin-bottom:12px !important;}.stk-379999e .stk-block-text__text{font-size:1.1rem !important;}}<\/style><p class=\"stk-block-text__text has-text-align-justify\">From what I\u2019ve seen \u2014 yes, you can bring your vows and read them during the ceremony. Most likely, you\u2019ll just need to ask the staff in advance and let them know you\u2019d like to include vow reading. I\u2019ve seen couples read vows both during ceremonies at the Vilnius Palace hall and during off-site ceremonies..<br><br>I highly recommend writing vows. The official ceremony is quite formal, and your own sincere words add warmth, sensitivity, and real emotion \u2014 something you and your guests will definitely remember. It truly elevates the whole experience.<\/p><\/div>\n\n\n\n<div class=\"wp-block-stackable-columns stk-block-columns stk-block stk-e02141a\" data-block-id=\"e02141a\"><style>.stk-e02141a-column{--stk-columns-spacing:0px !important;--stk-column-gap:20px !important;}@media screen and (max-width:689px){.stk-e02141a-column{row-gap:15px !important;}}<\/style><div class=\"stk-row stk-inner-blocks stk-block-content stk-content-align stk-e02141a-column\">\n<div class=\"wp-block-stackable-column stk-block-column stk-column stk-block stk-bbb15b2\" data-v=\"4\" data-block-id=\"bbb15b2\"><style>.stk-bbb15b2-container{padding-top:0px !important;padding-right:0px !important;padding-bottom:0px !important;padding-left:0px !important;}<\/style><div class=\"stk-column-wrapper stk-block-column__content stk-container stk-bbb15b2-container stk--no-background stk--no-padding\"><div class=\"stk-block-content stk-inner-blocks stk-bbb15b2-inner-blocks\">\n<div class=\"wp-block-stackable-image stk-block-image stk-block stk-ba93b15\" data-block-id=\"ba93b15\"><style>.stk-ba93b15 {padding-top:0px !important;padding-right:0px !important;padding-bottom:0px !important;padding-left:0px !important;}.stk-ba93b15 .stk-img-wrapper{aspect-ratio:2\/3 !important;height:auto !important;}.stk-ba93b15 .stk-img-wrapper img{object-position:46% 88% !important;}@media screen and (max-width:999px){.stk-ba93b15 .stk-img-wrapper{height:auto !important;}}@media screen and (max-width:689px){.stk-ba93b15 .stk-img-wrapper{height:auto !important;}}<\/style><figure><span class=\"stk-img-wrapper stk-image--shape-stretch stk--has-lightbox\"><img loading=\"lazy\" decoding=\"async\" class=\"stk-img wp-image-7901\" src=\"https:\/\/framedbyevelina.com\/wp-content\/uploads\/2026\/04\/vilniaus-santuoku-rumai-informacija-apie-ceremonija-scaled.jpg\" width=\"1739\" height=\"2560\" alt=\"vilniaus santuoku rumai informacija apie ceremonija\" srcset=\"https:\/\/framedbyevelina.com\/wp-content\/uploads\/2026\/04\/vilniaus-santuoku-rumai-informacija-apie-ceremonija-scaled.jpg 1739w, https:\/\/framedbyevelina.com\/wp-content\/uploads\/2026\/04\/vilniaus-santuoku-rumai-informacija-apie-ceremonija-768x1131.jpg 768w, https:\/\/framedbyevelina.com\/wp-content\/uploads\/2026\/04\/vilniaus-santuoku-rumai-informacija-apie-ceremonija-1043x1536.jpg 1043w, https:\/\/framedbyevelina.com\/wp-content\/uploads\/2026\/04\/vilniaus-santuoku-rumai-informacija-apie-ceremonija-1391x2048.jpg 1391w, https:\/\/framedbyevelina.com\/wp-content\/uploads\/2026\/04\/vilniaus-santuoku-rumai-informacija-apie-ceremonija-8x12.jpg 8w\" sizes=\"(max-width: 1739px) 100vw, 1739px\" \/><\/span><\/figure><\/div>\n<\/div><\/div><\/div>\n\n\n\n<div class=\"wp-block-stackable-column stk-block-column stk-column stk-block stk-c65cf12\" data-v=\"4\" data-block-id=\"c65cf12\"><div class=\"stk-column-wrapper stk-block-column__content stk-container stk-c65cf12-container stk--no-background stk--no-padding\"><div class=\"stk-block-content stk-inner-blocks stk-c65cf12-inner-blocks\">\n<div class=\"wp-block-stackable-image stk-block-image stk-block stk-3ef21ae\" data-block-id=\"3ef21ae\"><style>.stk-3ef21ae .stk-img-wrapper{aspect-ratio:2\/3 !important;height:auto !important;}.stk-3ef21ae .stk-img-wrapper img{object-position:46% 30% !important;}@media screen and (max-width:999px){.stk-3ef21ae .stk-img-wrapper{height:auto !important;}}@media screen and (max-width:689px){.stk-3ef21ae .stk-img-wrapper{height:auto !important;}}<\/style><figure><span class=\"stk-img-wrapper stk-image--shape-stretch stk--has-lightbox\"><img loading=\"lazy\" decoding=\"async\" class=\"stk-img wp-image-7920\" src=\"https:\/\/framedbyevelina.com\/wp-content\/uploads\/2026\/04\/susirasymas-vestuviu-santuokos-rumuose-vilnius-scaled.jpg\" width=\"1706\" height=\"2560\" alt=\"fotosesija vilnius santuoku ceremonija\" srcset=\"https:\/\/framedbyevelina.com\/wp-content\/uploads\/2026\/04\/susirasymas-vestuviu-santuokos-rumuose-vilnius-scaled.jpg 1706w, https:\/\/framedbyevelina.com\/wp-content\/uploads\/2026\/04\/susirasymas-vestuviu-santuokos-rumuose-vilnius-768x1152.jpg 768w, https:\/\/framedbyevelina.com\/wp-content\/uploads\/2026\/04\/susirasymas-vestuviu-santuokos-rumuose-vilnius-1024x1536.jpg 1024w, https:\/\/framedbyevelina.com\/wp-content\/uploads\/2026\/04\/susirasymas-vestuviu-santuokos-rumuose-vilnius-1365x2048.jpg 1365w, https:\/\/framedbyevelina.com\/wp-content\/uploads\/2026\/04\/susirasymas-vestuviu-santuokos-rumuose-vilnius-8x12.jpg 8w\" sizes=\"(max-width: 1706px) 100vw, 1706px\" \/><\/span><\/figure><\/div>\n<\/div><\/div><\/div>\n<\/div><\/div>\n<\/div><\/div><\/div>\n<\/div><\/div>\n\n\n\n<div class=\"wp-block-stackable-columns alignwide stk-block-columns stk-block stk-adc847d\" data-block-id=\"adc847d\"><style>.stk-adc847d {margin-bottom:50px !important;}<\/style><div class=\"stk-row stk-inner-blocks stk-block-content stk-content-align stk-adc847d-column alignwide\">\n<div class=\"wp-block-stackable-column stk-block-column stk-column stk-block stk-f912c79\" data-v=\"4\" data-block-id=\"f912c79\"><div class=\"stk-column-wrapper stk-block-column__content stk-container stk-f912c79-container stk--no-background stk--no-padding\"><div class=\"stk-block-content stk-inner-blocks stk-f912c79-inner-blocks\">\n<div class=\"wp-block-stackable-heading stk-block-heading stk-block-heading--v2 stk-block stk-c844d3a\" id=\"do-we-need-to-bring-rings\" data-block-id=\"c844d3a\"><style>.stk-c844d3a {max-width:1500px !important;min-width:auto !important;padding-top:0% !important;padding-right:15% !important;padding-bottom:0% !important;padding-left:15% !important;margin-bottom:28px !important;}.stk-c844d3a .stk-block-heading__text{font-size:2.1rem !important;font-weight:600 !important;font-family:\"Merriweather\", Sans-serif !important;}@media screen and (max-width:999px){.stk-c844d3a .stk-block-heading__text{font-size:2.1rem !important;}}@media screen and (max-width:689px){.stk-c844d3a {padding-top:0px !important;padding-right:15px !important;padding-bottom:0px !important;padding-left:15px !important;margin-bottom:16px !important;}.stk-c844d3a .stk-block-heading__text{font-size:1.6rem !important;}}<\/style><h2 class=\"stk-block-heading__text has-text-align-center\">Ar reikia atsine\u0161ti \u017eiedus?<\/h2><\/div>\n\n\n\n<div class=\"wp-block-stackable-text stk-block-text stk-block stk-d9a9d0d\" data-block-id=\"d9a9d0d\"><style>.stk-d9a9d0d {margin-bottom:8px !important;}.stk-d9a9d0d .stk-block-text__text{font-size:1.2rem !important;}@media screen and (max-width:999px){.stk-d9a9d0d .stk-block-text__text{font-size:1.2rem !important;}}@media screen and (max-width:689px){.stk-d9a9d0d {margin-bottom:12px !important;}.stk-d9a9d0d .stk-block-text__text{font-size:1.1rem !important;}}<\/style><p class=\"stk-block-text__text has-text-align-justify\">Not necessarily \u2014 these days ceremonies can be held either with a ring exchange or without it. If you do bring rings, make sure to hold the ring box visibly in your hands so the staff understands you\u2019d like to include the ring exchange during the ceremony.<\/p><\/div>\n<\/div><\/div><\/div>\n<\/div><\/div>\n\n\n\n<div class=\"wp-block-stackable-columns alignwide stk-block-columns stk-block stk-1f17db6\" data-block-id=\"1f17db6\"><style>.stk-1f17db6 {margin-bottom:50px !important;}<\/style><div class=\"stk-row stk-inner-blocks stk-block-content stk-content-align stk-1f17db6-column alignwide\">\n<div class=\"wp-block-stackable-column stk-block-column stk-column stk-block stk-127510f\" data-v=\"4\" data-block-id=\"127510f\"><div class=\"stk-column-wrapper stk-block-column__content stk-container stk-127510f-container stk--no-background stk--no-padding\"><div class=\"stk-block-content stk-inner-blocks stk-127510f-inner-blocks\">\n<div class=\"wp-block-stackable-heading stk-block-heading stk-block-heading--v2 stk-block stk-ea9d58e\" id=\"where-to-register-for-ceremony-what-are-the-requirements\" data-block-id=\"ea9d58e\"><style>.stk-ea9d58e {max-width:1500px !important;min-width:auto !important;padding-top:0% !important;padding-right:15% !important;padding-bottom:0% !important;padding-left:15% !important;margin-bottom:28px !important;}.stk-ea9d58e .stk-block-heading__text{font-size:2.1rem !important;font-weight:600 !important;font-family:\"Merriweather\", Sans-serif !important;}@media screen and (max-width:999px){.stk-ea9d58e .stk-block-heading__text{font-size:2.1rem !important;}}@media screen and (max-width:689px){.stk-ea9d58e {padding-top:0px !important;padding-right:15px !important;padding-bottom:0px !important;padding-left:15px !important;margin-bottom:16px !important;}.stk-ea9d58e .stk-block-heading__text{font-size:1.6rem !important;}}<\/style><h2 class=\"stk-block-heading__text has-text-align-center\">Kur ir kaip pateikti pra\u0161ym\u0105? Kokios yra s\u0105lygos?<\/h2><\/div>\n\n\n\n<div class=\"wp-block-stackable-text stk-block-text stk-block stk-5f838e1\" data-block-id=\"5f838e1\"><style>.stk-5f838e1 {margin-bottom:8px !important;}.stk-5f838e1 .stk-block-text__text{font-size:1.2rem !important;}@media screen and (max-width:999px){.stk-5f838e1 .stk-block-text__text{font-size:1.2rem !important;}}@media screen and (max-width:689px){.stk-5f838e1 {margin-bottom:12px !important;}.stk-5f838e1 .stk-block-text__text{font-size:1.1rem !important;}}<\/style><p class=\"stk-block-text__text has-text-align-justify\">You can submit an application to register a marriage though &#8220;<a href=\"https:\/\/www.registrucentras.lt\/paslauga\/b5d3c334-bb5d-48f8-8f7d-7cac90afb3a8\" target=\"_blank\" rel=\"noopener\">Registr\u0173 Centras<\/a>&#8220;. Here you&#8217;ll be able to pick a date, surnames. Once form is submitted, your other significant would need to confirm it on their side and pay for it. <\/p><\/div>\n\n\n\n<div class=\"wp-block-stackable-text stk-block-text stk-block stk-831be1d\" data-block-id=\"831be1d\"><style>.stk-831be1d {margin-bottom:8px !important;}.stk-831be1d .stk-block-text__text{font-size:1.2rem !important;}@media screen and (max-width:999px){.stk-831be1d .stk-block-text__text{font-size:1.2rem !important;}}@media screen and (max-width:689px){.stk-831be1d {margin-bottom:12px !important;}.stk-831be1d .stk-block-text__text{font-size:1.1rem !important;}}<\/style><p class=\"stk-block-text__text has-text-align-justify\"><strong>If one of you is a foreign citizen<\/strong>, extra requirements may apply and you\u2019ll need to submit additional documents when filing the application:<\/p><\/div>\n\n\n\n<div class=\"wp-block-stackable-text stk-block-text stk-block stk-fd7485b\" data-block-id=\"fd7485b\"><style>.stk-fd7485b {margin-bottom:8px !important;}.stk-fd7485b .stk-block-text__text{font-size:1.2rem !important;}@media screen and (max-width:999px){.stk-fd7485b .stk-block-text__text{font-size:1.2rem !important;}}@media screen and (max-width:689px){.stk-fd7485b {margin-bottom:12px !important;}.stk-fd7485b .stk-block-text__text{font-size:1.1rem !important;}}<\/style><p class=\"stk-block-text__text has-text-align-justify\">&#8211;<strong> A certificate of no impediment to marriage<\/strong> from your home country (confirming you\u2019re free to marry). It must be legalised or Apostilled (unless EU\/Lithuanian rules say otherwise) and translated into Lithuanian.<\/p><\/div>\n\n\n\n<div class=\"wp-block-stackable-text stk-block-text stk-block stk-bc4434b\" data-block-id=\"bc4434b\"><style>.stk-bc4434b {margin-bottom:8px !important;}.stk-bc4434b .stk-block-text__text{font-size:1.2rem !important;}@media screen and (max-width:999px){.stk-bc4434b .stk-block-text__text{font-size:1.2rem !important;}}@media screen and (max-width:689px){.stk-bc4434b {margin-bottom:12px !important;}.stk-bc4434b .stk-block-text__text{font-size:1.1rem !important;}}<\/style><p class=\"stk-block-text__text has-text-align-justify\">&#8211; If the foreign citizen is not from the EU or EFTA, you\u2019ll also need <strong>proof of legal stay<\/strong> in Lithuania both when submitting the application and on the wedding day.<\/p><\/div>\n\n\n\n<div class=\"wp-block-stackable-text stk-block-text stk-block stk-0011b60\" data-block-id=\"0011b60\"><style>.stk-0011b60 {margin-bottom:8px !important;}.stk-0011b60 .stk-block-text__text{font-size:1.2rem !important;}@media screen and (max-width:999px){.stk-0011b60 .stk-block-text__text{font-size:1.2rem !important;}}@media screen and (max-width:689px){.stk-0011b60 {margin-bottom:12px !important;}.stk-0011b60 .stk-block-text__text{font-size:1.1rem !important;}}<\/style><p class=\"stk-block-text__text has-text-align-justify\">Jeigu vienas i\u0161 j\u016bs\u0173 <strong>esate i\u0161siskyr\u0119s ar na\u0161lys\/na\u0161l\u0117<\/strong>, jums taip pat reik\u0117s:<\/p><\/div>\n\n\n\n<div class=\"wp-block-stackable-text stk-block-text stk-block stk-6a40b30\" data-block-id=\"6a40b30\"><style>.stk-6a40b30 {margin-bottom:8px !important;}.stk-6a40b30 .stk-block-text__text{font-size:1.2rem !important;}@media screen and (max-width:999px){.stk-6a40b30 .stk-block-text__text{font-size:1.2rem !important;}}@media screen and (max-width:689px){.stk-6a40b30 {margin-bottom:12px !important;}.stk-6a40b30 .stk-block-text__text{font-size:1.1rem !important;}}<\/style><p class=\"stk-block-text__text has-text-align-justify\">&#8211; A divorce certificate (or equivalent document), or the death certificate of the former spouse\u2014if this information is not already in the Lithuanian Population Register.<\/p><\/div>\n<\/div><\/div><\/div>\n<\/div><\/div>\n\n\n\n<div class=\"wp-block-stackable-columns alignwide stk-block-columns stk-block stk-647be82\" data-block-id=\"647be82\"><div class=\"stk-row stk-inner-blocks stk-block-content stk-content-align stk-647be82-column alignwide\">\n<div class=\"wp-block-stackable-column stk-block-column stk-column stk-block stk-e2a0e40\" data-v=\"4\" data-block-id=\"e2a0e40\"><div class=\"stk-column-wrapper stk-block-column__content stk-container stk-e2a0e40-container stk--no-background stk--no-padding\"><div class=\"stk-block-content stk-inner-blocks stk-e2a0e40-inner-blocks\">\n<div class=\"wp-block-stackable-heading stk-block-heading stk-block-heading--v2 stk-block stk-7f1c23e\" id=\"where-to-take-photos-near-the-wedding-palace\" data-block-id=\"7f1c23e\"><style>.stk-7f1c23e {max-width:1500px !important;min-width:auto !important;padding-top:0% !important;padding-right:15% !important;padding-bottom:0% !important;padding-left:15% !important;margin-bottom:28px !important;}.stk-7f1c23e .stk-block-heading__text{font-size:2.1rem !important;font-weight:600 !important;font-family:\"Merriweather\", Sans-serif !important;}@media screen and (max-width:999px){.stk-7f1c23e .stk-block-heading__text{font-size:2.1rem !important;}}@media screen and (max-width:689px){.stk-7f1c23e {padding-top:0px !important;padding-right:15px !important;padding-bottom:0px !important;padding-left:15px !important;margin-bottom:16px !important;}.stk-7f1c23e .stk-block-heading__text{font-size:1.6rem !important;}}<\/style><h2 class=\"stk-block-heading__text has-text-align-center\">Kur galima nusifotografuoti netoli Vilniaus santuokos r\u016bm\u0173?<\/h2><\/div>\n\n\n\n<div class=\"wp-block-stackable-text stk-block-text stk-block stk-ecb5030\" data-block-id=\"ecb5030\"><style>.stk-ecb5030 {margin-bottom:8px !important;}.stk-ecb5030 .stk-block-text__text{font-size:1.2rem !important;}@media screen and (max-width:999px){.stk-ecb5030 .stk-block-text__text{font-size:1.2rem !important;}}@media screen and (max-width:689px){.stk-ecb5030 {margin-bottom:12px !important;}.stk-ecb5030 .stk-block-text__text{font-size:1.1rem !important;}}<\/style><p class=\"stk-block-text__text has-text-align-justify\">\u0160tai kelet\u0105 viet\u0173, kurias galima pasiekti p\u0117s\u010diomis:<\/p><\/div>\n\n\n\n<ul class=\"wp-block-list\">\n<li>Teatro gatv\u0117 (\u012fsp\u016bdinga atchitekt\u016bra ir gan populiari vestuvi\u0173 fotosesijos lokacija).<\/li>\n\n\n\n<li>Senamiestis<\/li>\n\n\n\n<li>Pagurk\u0161noti kavos Caffeine Teatro gatv\u0117je<\/li>\n\n\n\n<li>Santuokos r\u016bm\u0173 parkas, naujai renovuotas<\/li>\n\n\n\n<li>Tauro kalnas<\/li>\n\n\n\n<li>Ti\u0161kevi\u010di\u0173 r\u016bmai<\/li>\n\n\n\n<li>Luki\u0161ki\u0173 aik\u0161t\u0117<\/li>\n\n\n\n<li>Petro Cvirkos aik\u0161t\u0117<\/li>\n<\/ul>\n\n\n\n<div class=\"wp-block-stackable-columns stk-block-columns stk-block stk-656de7b\" data-block-id=\"656de7b\"><style>.stk-656de7b-column{--stk-columns-spacing:0px !important;--stk-column-gap:20px !important;}@media screen and (max-width:689px){.stk-656de7b-column{row-gap:15px !important;}}<\/style><div class=\"stk-row stk-inner-blocks stk-block-content stk-content-align stk-656de7b-column\">\n<div class=\"wp-block-stackable-column stk-block-column stk-column stk-block stk-06a29aa\" data-v=\"4\" data-block-id=\"06a29aa\"><style>.stk-06a29aa-container{padding-top:0px !important;padding-right:0px !important;padding-bottom:0px !important;padding-left:0px !important;}<\/style><div class=\"stk-column-wrapper stk-block-column__content stk-container stk-06a29aa-container stk--no-background stk--no-padding\"><div class=\"stk-block-content stk-inner-blocks stk-06a29aa-inner-blocks\">\n<div class=\"wp-block-stackable-image stk-block-image stk-block stk-43f1d37\" data-block-id=\"43f1d37\"><style>.stk-43f1d37 {padding-top:0px !important;padding-right:0px !important;padding-bottom:0px !important;padding-left:0px !important;}.stk-43f1d37 .stk-img-wrapper{aspect-ratio:2\/3 !important;height:auto !important;}.stk-43f1d37 .stk-img-wrapper img{object-position:46% 88% !important;}@media screen and (max-width:999px){.stk-43f1d37 .stk-img-wrapper{height:auto !important;}}@media screen and (max-width:689px){.stk-43f1d37 .stk-img-wrapper{height:auto !important;}}<\/style><figure><span class=\"stk-img-wrapper stk-image--shape-stretch stk--has-lightbox\"><img loading=\"lazy\" decoding=\"async\" class=\"stk-img wp-image-7908\" src=\"https:\/\/framedbyevelina.com\/wp-content\/uploads\/2026\/04\/fotosesija-vilniaus-santuoku-rumuose-vestuves-scaled.jpg\" width=\"1878\" height=\"2560\" srcset=\"https:\/\/framedbyevelina.com\/wp-content\/uploads\/2026\/04\/fotosesija-vilniaus-santuoku-rumuose-vestuves-scaled.jpg 1878w, https:\/\/framedbyevelina.com\/wp-content\/uploads\/2026\/04\/fotosesija-vilniaus-santuoku-rumuose-vestuves-768x1047.jpg 768w, https:\/\/framedbyevelina.com\/wp-content\/uploads\/2026\/04\/fotosesija-vilniaus-santuoku-rumuose-vestuves-1127x1536.jpg 1127w, https:\/\/framedbyevelina.com\/wp-content\/uploads\/2026\/04\/fotosesija-vilniaus-santuoku-rumuose-vestuves-1503x2048.jpg 1503w, https:\/\/framedbyevelina.com\/wp-content\/uploads\/2026\/04\/fotosesija-vilniaus-santuoku-rumuose-vestuves-9x12.jpg 9w\" sizes=\"(max-width: 1878px) 100vw, 1878px\" \/><\/span><\/figure><\/div>\n<\/div><\/div><\/div>\n\n\n\n<div class=\"wp-block-stackable-column stk-block-column stk-column stk-block stk-6294b81\" data-v=\"4\" data-block-id=\"6294b81\"><div class=\"stk-column-wrapper stk-block-column__content stk-container stk-6294b81-container stk--no-background stk--no-padding\"><div class=\"stk-block-content stk-inner-blocks stk-6294b81-inner-blocks\">\n<div class=\"wp-block-stackable-image stk-block-image stk-block stk-8ad0c2e\" data-block-id=\"8ad0c2e\"><style>.stk-8ad0c2e .stk-img-wrapper{aspect-ratio:2\/3 !important;height:auto !important;}.stk-8ad0c2e .stk-img-wrapper img{object-position:46% 30% !important;}@media screen and (max-width:999px){.stk-8ad0c2e .stk-img-wrapper{height:auto !important;}}@media screen and (max-width:689px){.stk-8ad0c2e .stk-img-wrapper{height:auto !important;}}<\/style><figure><span class=\"stk-img-wrapper stk-image--shape-stretch stk--has-lightbox\"><img loading=\"lazy\" decoding=\"async\" class=\"stk-img wp-image-7909\" src=\"https:\/\/framedbyevelina.com\/wp-content\/uploads\/2026\/04\/wedding-photoshoot-in-vilnius-wedding-palace-scaled.jpg\" width=\"1707\" height=\"2560\" srcset=\"https:\/\/framedbyevelina.com\/wp-content\/uploads\/2026\/04\/wedding-photoshoot-in-vilnius-wedding-palace-scaled.jpg 1707w, https:\/\/framedbyevelina.com\/wp-content\/uploads\/2026\/04\/wedding-photoshoot-in-vilnius-wedding-palace-768x1152.jpg 768w, https:\/\/framedbyevelina.com\/wp-content\/uploads\/2026\/04\/wedding-photoshoot-in-vilnius-wedding-palace-1024x1536.jpg 1024w, https:\/\/framedbyevelina.com\/wp-content\/uploads\/2026\/04\/wedding-photoshoot-in-vilnius-wedding-palace-1366x2048.jpg 1366w, https:\/\/framedbyevelina.com\/wp-content\/uploads\/2026\/04\/wedding-photoshoot-in-vilnius-wedding-palace-8x12.jpg 8w\" sizes=\"(max-width: 1707px) 100vw, 1707px\" \/><\/span><\/figure><\/div>\n<\/div><\/div><\/div>\n<\/div><\/div>\n<\/div><\/div><\/div>\n<\/div><\/div>\n\n\n\n<p><\/p>","protected":false},"excerpt":{"rendered":"<p>On This Page: How is the whole ceremony going? When you can get married? What documents to&nbsp;bring? How much does it cost to register a marriage? Where to seat guests? Can we read our vows? Do we need to bring rings? Where to register for ceremony? What are the requirements? Where to take photos near [&hellip;]<\/p>\n","protected":false},"author":1,"featured_media":7930,"comment_status":"open","ping_status":"open","sticky":false,"template":"","format":"standard","meta":{"_uag_custom_page_level_css":"","footnotes":""},"categories":[65],"tags":[],"class_list":["post-7869","post","type-post","status-publish","format-standard","has-post-thumbnail","hentry","category-weddings-in-lithuania"],"blocksy_meta":[],"uagb_featured_image_src":{"full":["https:\/\/framedbyevelina.com\/wp-content\/uploads\/2026\/04\/vilniaus-santuoku-rumai-scaled.jpg",2560,2071,false],"thumbnail":["https:\/\/framedbyevelina.com\/wp-content\/uploads\/2026\/04\/vilniaus-santuoku-rumai-scaled.jpg",2560,2071,false],"medium":["https:\/\/framedbyevelina.com\/wp-content\/uploads\/2026\/04\/vilniaus-santuoku-rumai-scaled.jpg",2560,2071,false],"medium_large":["https:\/\/framedbyevelina.com\/wp-content\/uploads\/2026\/04\/vilniaus-santuoku-rumai-768x621.jpg",768,621,true],"large":["https:\/\/framedbyevelina.com\/wp-content\/uploads\/2026\/04\/vilniaus-santuoku-rumai-scaled.jpg",1200,971,false],"1536x1536":["https:\/\/framedbyevelina.com\/wp-content\/uploads\/2026\/04\/vilniaus-santuoku-rumai-1536x1242.jpg",1536,1242,true],"2048x2048":["https:\/\/framedbyevelina.com\/wp-content\/uploads\/2026\/04\/vilniaus-santuoku-rumai-2048x1657.jpg",2048,1657,true],"trp-custom-language-flag":["https:\/\/framedbyevelina.com\/wp-content\/uploads\/2026\/04\/vilniaus-santuoku-rumai-15x12.jpg",15,12,true]},"uagb_author_info":{"display_name":"e.staniulyte98@gmail.com","author_link":"https:\/\/framedbyevelina.com\/lt\/author\/e-staniulyte98gmail-com\/"},"uagb_comment_info":0,"uagb_excerpt":"On This Page: How is the whole ceremony going? When you can get married? What documents to&nbsp;bring? How much does it cost to register a marriage? Where to seat guests? Can we read our vows? Do we need to bring rings? Where to register for ceremony? What are the requirements? Where to take photos near&hellip;","_links":{"self":[{"href":"https:\/\/framedbyevelina.com\/lt\/wp-json\/wp\/v2\/posts\/7869","targetHints":{"allow":["GET"]}}],"collection":[{"href":"https:\/\/framedbyevelina.com\/lt\/wp-json\/wp\/v2\/posts"}],"about":[{"href":"https:\/\/framedbyevelina.com\/lt\/wp-json\/wp\/v2\/types\/post"}],"author":[{"embeddable":true,"href":"https:\/\/framedbyevelina.com\/lt\/wp-json\/wp\/v2\/users\/1"}],"replies":[{"embeddable":true,"href":"https:\/\/framedbyevelina.com\/lt\/wp-json\/wp\/v2\/comments?post=7869"}],"version-history":[{"count":39,"href":"https:\/\/framedbyevelina.com\/lt\/wp-json\/wp\/v2\/posts\/7869\/revisions"}],"predecessor-version":[{"id":7923,"href":"https:\/\/framedbyevelina.com\/lt\/wp-json\/wp\/v2\/posts\/7869\/revisions\/7923"}],"wp:featuredmedia":[{"embeddable":true,"href":"https:\/\/framedbyevelina.com\/lt\/wp-json\/wp\/v2\/media\/7930"}],"wp:attachment":[{"href":"https:\/\/framedbyevelina.com\/lt\/wp-json\/wp\/v2\/media?parent=7869"}],"wp:term":[{"taxonomy":"category","embeddable":true,"href":"https:\/\/framedbyevelina.com\/lt\/wp-json\/wp\/v2\/categories?post=7869"},{"taxonomy":"post_tag","embeddable":true,"href":"https:\/\/framedbyevelina.com\/lt\/wp-json\/wp\/v2\/tags?post=7869"}],"curies":[{"name":"wp","href":"https:\/\/api.w.org\/{rel}","templated":true}]}}