{"id":2993,"date":"2025-03-09T19:21:27","date_gmt":"2025-03-09T19:21:27","guid":{"rendered":"https:\/\/framedbyevelina.com\/?p=2993"},"modified":"2026-04-12T19:14:13","modified_gmt":"2026-04-12T19:14:13","slug":"panama-food-garden-venue-for-small-and-cozy-weddings","status":"publish","type":"post","link":"https:\/\/framedbyevelina.com\/lt\/panama-food-garden-venue-for-small-and-cozy-weddings\/","title":{"rendered":"Panama Food Garden\u00a0\u2014 jaukiausia vieta eleganti\u0161koms vestuv\u0117ms su egzotikos cinkeliu"},"content":{"rendered":"<div class=\"wp-block-stackable-columns alignwide stk-block-columns stk-block stk-7f3c432\" data-block-id=\"7f3c432\"><div class=\"stk-row stk-inner-blocks stk-block-content stk-content-align stk-7f3c432-column alignwide\">\n<div class=\"wp-block-stackable-column stk-block-column stk-column stk-block stk-ace0000\" data-v=\"4\" data-block-id=\"ace0000\"><div class=\"stk-column-wrapper stk-block-column__content stk-container stk-ace0000-container stk--no-background stk--no-padding\"><div class=\"stk-block-content stk-inner-blocks stk-ace0000-inner-blocks\">\n<div class=\"wp-block-stackable-columns alignwide stk-block-columns stk-block stk-7fd6513\" data-block-id=\"7fd6513\"><div class=\"stk-row stk-inner-blocks stk-block-content stk-content-align stk-7fd6513-column alignwide\">\n<div class=\"wp-block-stackable-column stk-block-column stk-column stk-block stk-9984cfd\" data-v=\"4\" data-block-id=\"9984cfd\"><div class=\"stk-column-wrapper stk-block-column__content stk-container stk-9984cfd-container stk--no-background stk--no-padding\"><div class=\"stk-block-content stk-inner-blocks stk-9984cfd-inner-blocks\">\n<nav class=\"wp-block-stackable-table-of-contents stk-block-table-of-contents stk-block stk-e013c67\" data-block-id=\"e013c67\"><style>.stk-e013c67 .stk-table-of-contents__title{font-size:1rem !important;}@media screen and (max-width:999px){.stk-e013c67 .stk-table-of-contents__title{font-size:1rem !important;}}<\/style><p class=\"stk-table-of-contents__title\"><strong>\u0160iame puslapyje:<\/strong>:<\/p><ul class=\"stk-table-of-contents__table\"><li><a href=\"#space-reservation-options-and-rental-prices\">Rezervacija, pasi\u016blymai ir nuomos kaina<\/a><\/li><li><a href=\"#atmosphere\">Atmosfera<\/a><\/li><li><a href=\"#food-and-catering\">Maistas ir maitinimas<\/a><\/li><li><a href=\"#location\">Lokacija<\/a><\/li><li><a href=\"#parking\">Parkingas<\/a><\/li><li><a href=\"#accessibility\">Pritaikymas ne\u012fgaliesiems<\/a><\/li><li><a href=\"#entertainment-and-music\">Pramogos ir muzika<\/a><\/li><li><a href=\"#decorations\">Dekoracijos<\/a><\/li><li><a href=\"#photos-and-photographer\">Nuotraukos ir fotografas<\/a><\/li><li><a href=\"#panama-contacts\">Panama Kontaktai<\/a><\/li><\/ul><\/nav>\n<\/div><\/div><\/div>\n<\/div><\/div>\n\n\n\n<div class=\"wp-block-stackable-text stk-block-text stk-block stk-327d604\" data-block-id=\"327d604\"><style>.stk-327d604 .stk-block-text__text{font-size:1.2rem !important;}@media screen and (max-width:999px){.stk-327d604 .stk-block-text__text{font-size:1.2rem !important;}}@media screen and (max-width:689px){.stk-327d604 .stk-block-text__text{font-size:1rem !important;}}<\/style><p class=\"stk-block-text__text has-text-align-justify\">Panama Food Garden \u2014 restoranas turintis gars\u0173j\u012f \u0161iltnam\u012f bei unikal\u0173 modernuno, elegancijos ir nat\u016bralaus gro\u017eio derin\u012f. \u0160iltnamis \u012fsik\u016br\u0119s Vilniaus \u0161irdyje ir yra labai populiar\u012f vestuvi\u0173 \u0161ventimo lokacija.<\/p><\/div>\n\n\n\n<div class=\"wp-block-stackable-text stk-block-text stk-block stk-bfb1d12\" data-block-id=\"bfb1d12\"><style>.stk-bfb1d12 .stk-block-text__text{font-size:1.2rem !important;}@media screen and (max-width:999px){.stk-bfb1d12 .stk-block-text__text{font-size:1.2rem !important;}}@media screen and (max-width:689px){.stk-bfb1d12 .stk-block-text__text{font-size:1rem !important;}}<\/style><p class=\"stk-block-text__text has-text-align-justify\">Pasirink\u0119 \u0161i\u0105 viet\u0105 savo \u0161ventei, j\u016bs pasinaudosite egzoti\u0161ko vaizdo, puikaus aptarnavimo, skanaus maisto ir patogios vietos privalumais, kurie prisid\u0117s prie nepamir\u0161tamos \u0161vent\u0117s suk\u016brimo.<\/p><\/div>\n\n\n\n<div class=\"wp-block-stackable-image stk-block-image stk-block stk-4428369\" data-block-id=\"4428369\"><style>.stk-4428369 {margin-bottom:36px !important;}<\/style><figure><span class=\"stk-img-wrapper stk-image--shape-stretch stk--has-lightbox\"><img fetchpriority=\"high\" decoding=\"async\" class=\"stk-img wp-image-3079\" src=\"https:\/\/framedbyevelina.com\/wp-content\/uploads\/2025\/03\/panama-food-garden-siltnamis.jpg\" width=\"1200\" height=\"800\" srcset=\"https:\/\/framedbyevelina.com\/wp-content\/uploads\/2025\/03\/panama-food-garden-siltnamis.jpg 1200w, https:\/\/framedbyevelina.com\/wp-content\/uploads\/2025\/03\/panama-food-garden-siltnamis-300x200.jpg 300w, https:\/\/framedbyevelina.com\/wp-content\/uploads\/2025\/03\/panama-food-garden-siltnamis-1024x683.jpg 1024w, https:\/\/framedbyevelina.com\/wp-content\/uploads\/2025\/03\/panama-food-garden-siltnamis-768x512.jpg 768w, https:\/\/framedbyevelina.com\/wp-content\/uploads\/2025\/03\/panama-food-garden-siltnamis-18x12.jpg 18w\" sizes=\"(max-width: 1200px) 100vw, 1200px\" \/><\/span><\/figure><\/div>\n\n\n\n<div class=\"wp-block-stackable-heading stk-block-heading stk-block-heading--v2 stk-block stk-9164c10\" id=\"space-reservation-options-and-rental-prices\" data-block-id=\"9164c10\"><style>.stk-9164c10 {max-width:1500px !important;min-width:auto !important;padding-top:0% !important;padding-right:15% !important;padding-bottom:0% !important;padding-left:15% !important;margin-bottom:28px !important;}.stk-9164c10 .stk-block-heading__text{font-size:2.1rem !important;font-weight:600 !important;font-family:\"Merriweather\", Sans-serif !important;}@media screen and (max-width:999px){.stk-9164c10 .stk-block-heading__text{font-size:2.1rem !important;}}@media screen and (max-width:689px){.stk-9164c10 {padding-top:0px !important;padding-right:15px !important;padding-bottom:0px !important;padding-left:15px !important;margin-bottom:16px !important;}.stk-9164c10 .stk-block-heading__text{font-size:1.4rem !important;}}<\/style><h2 class=\"stk-block-heading__text has-text-align-center\">Rezervacija, pasi\u016blymai ir nuomos kaina<\/h2><\/div>\n\n\n\n<div class=\"wp-block-stackable-text stk-block-text stk-block stk-1b851dc\" data-block-id=\"1b851dc\"><style>.stk-1b851dc .stk-block-text__text{font-size:1.2rem !important;}@media screen and (max-width:999px){.stk-1b851dc .stk-block-text__text{font-size:1.2rem !important;}}@media screen and (max-width:689px){.stk-1b851dc .stk-block-text__text{font-size:1rem !important;}}<\/style><p class=\"stk-block-text__text has-text-align-justify\">Restoranas turi du pasi\u016blymus:<\/p><\/div>\n\n\n\n<div class=\"wp-block-stackable-heading stk-block-heading stk-block-heading--v2 stk-block stk-4d070f6\" id=\"strong-1-greenhouse-and-the-lawn-next-to-it-reservation-strong\" data-block-id=\"4d070f6\"><style>.stk-4d070f6 {margin-bottom:18px !important;}.stk-4d070f6 .stk-block-heading__text{font-size:1.7rem !important;font-weight:bold !important;font-family:\"Raleway\", Sans-serif !important;}@media screen and (max-width:999px){.stk-4d070f6 .stk-block-heading__text{font-size:1.7rem !important;}}@media screen and (max-width:689px){.stk-4d070f6 .stk-block-heading__text{font-size:1.2rem !important;}}<\/style><h3 class=\"stk-block-heading__text\">&nbsp;1. \u0160iltnamio ir \u0161alia esan\u010dios pievel\u0117s rezervacija<\/h3><\/div>\n\n\n\n<div class=\"wp-block-stackable-text stk-block-text stk-block stk-ee9ffb1\" data-block-id=\"ee9ffb1\"><style>.stk-ee9ffb1 {margin-bottom:8px !important;}.stk-ee9ffb1 .stk-block-text__text{font-size:1.2rem !important;}@media screen and (max-width:999px){.stk-ee9ffb1 .stk-block-text__text{font-size:1.2rem !important;}}@media screen and (max-width:689px){.stk-ee9ffb1 .stk-block-text__text{font-size:1rem !important;}}<\/style><p class=\"stk-block-text__text has-text-align-justify translation-block\">Galima sutalpinti iki <strong>35 sve\u010di\u0173.<\/strong><\/p><\/div>\n\n\n\n<div class=\"wp-block-stackable-text stk-block-text stk-block stk-ff7aafd\" data-block-id=\"ff7aafd\"><style>.stk-ff7aafd {margin-bottom:8px !important;}.stk-ff7aafd .stk-block-text__text{font-size:1.2rem !important;}@media screen and (max-width:999px){.stk-ff7aafd .stk-block-text__text{font-size:1.2rem !important;}}@media screen and (max-width:689px){.stk-ff7aafd {margin-bottom:12px !important;}.stk-ff7aafd .stk-block-text__text{font-size:1rem !important;}}<\/style><p class=\"stk-block-text__text has-text-align-justify\">\u012e pasi\u016blym\u0105 \u012ftrauktas \u0161iltnamis ir \u0161alia esanti pievel\u0117. Pagrindin\u0117 terasos erdv\u0117 \u012f rezervacij\u0105 ne\u012ftraukta.<\/p><\/div>\n\n\n\n<div class=\"wp-block-stackable-text stk-block-text stk-block stk-1c2bddb\" data-block-id=\"1c2bddb\"><style>.stk-1c2bddb {margin-bottom:8px !important;}.stk-1c2bddb .stk-block-text__text{font-size:1.2rem !important;}@media screen and (max-width:999px){.stk-1c2bddb .stk-block-text__text{font-size:1.2rem !important;}}@media screen and (max-width:689px){.stk-1c2bddb {margin-bottom:12px !important;}.stk-1c2bddb .stk-block-text__text{font-size:1rem !important;}}<\/style><p class=\"stk-block-text__text has-text-align-justify translation-block\">Taikoma minimali i\u0161leid\u017eiama suma <strong>maistui ir g\u0117rimams 2000 eur<\/strong> ir papildomai <strong> 1200 eur nuomos <\/strong>mokestis.<\/p><\/div>\n\n\n\n<div class=\"wp-block-stackable-text stk-block-text stk-block stk-575edd5\" data-block-id=\"575edd5\"><style>.stk-575edd5 {padding-bottom:8px !important;}.stk-575edd5 .stk-block-text__text{font-size:1.2rem !important;}@media screen and (max-width:999px){.stk-575edd5 .stk-block-text__text{font-size:1.2rem !important;}}@media screen and (max-width:689px){.stk-575edd5 .stk-block-text__text{font-size:1rem !important;}}<\/style><p class=\"stk-block-text__text has-text-align-justify\">Pob\u016bvio laikas nuo 16:00 val iki 23:00 val. Jeigu reikalingas papildomas pasiruo\u0161imas i\u0161 ryto ar anks\u010diau \u2014 papildomai kainuos 300 eur.<\/p><\/div>\n\n\n\n<div class=\"wp-block-stackable-heading stk-block-heading stk-block-heading--v2 stk-block stk-182fcd7\" id=\"strong-1-greenhouse-and-the-lawn-next-to-it-reservation-strong\" data-block-id=\"182fcd7\"><style>.stk-182fcd7 {margin-bottom:18px !important;}.stk-182fcd7 .stk-block-heading__text{font-size:1.7rem !important;font-weight:bold !important;font-family:\"Raleway\", Sans-serif !important;}@media screen and (max-width:999px){.stk-182fcd7 .stk-block-heading__text{font-size:1.7rem !important;}}@media screen and (max-width:689px){.stk-182fcd7 .stk-block-heading__text{font-size:1.2rem !important;}}<\/style><h3 class=\"stk-block-heading__text\">&nbsp; 2. Viso restorano rezervacija<\/h3><\/div>\n\n\n\n<div class=\"wp-block-stackable-text stk-block-text stk-block stk-39969d0\" data-block-id=\"39969d0\"><style>.stk-39969d0 {margin-bottom:8px !important;}.stk-39969d0 .stk-block-text__text{font-size:1.2rem !important;}@media screen and (max-width:999px){.stk-39969d0 .stk-block-text__text{font-size:1.2rem !important;}}@media screen and (max-width:689px){.stk-39969d0 {margin-bottom:12px !important;}.stk-39969d0 .stk-block-text__text{font-size:1rem !important;}}<\/style><p class=\"stk-block-text__text has-text-align-justify translation-block\">Galima sutalpinti iki <strong>50 sve\u010di\u0173.<\/strong>\u00a0<\/p><\/div>\n\n\n\n<div class=\"wp-block-stackable-text stk-block-text stk-block stk-69dc478\" data-block-id=\"69dc478\"><style>.stk-69dc478 {margin-bottom:8px !important;}.stk-69dc478 .stk-block-text__text{font-size:1.2rem !important;}@media screen and (max-width:999px){.stk-69dc478 .stk-block-text__text{font-size:1.2rem !important;}}@media screen and (max-width:689px){.stk-69dc478 {margin-bottom:12px !important;}.stk-69dc478 .stk-block-text__text{font-size:1rem !important;}}<\/style><p class=\"stk-block-text__text has-text-align-justify\">\u012e \u0161ia rezervacij\u0105 \u012feina visos erdv\u0117s: \u0161iltnamis, terasa ir restorano vidus.<\/p><\/div>\n\n\n\n<div class=\"wp-block-stackable-text stk-block-text stk-block stk-d6422aa\" data-block-id=\"d6422aa\"><style>.stk-d6422aa {margin-bottom:35px !important;}.stk-d6422aa .stk-block-text__text{font-size:1.2rem !important;}@media screen and (max-width:999px){.stk-d6422aa .stk-block-text__text{font-size:1.2rem !important;}}@media screen and (max-width:689px){.stk-d6422aa {margin-bottom:35px !important;}.stk-d6422aa .stk-block-text__text{font-size:1rem !important;}}<\/style><p class=\"stk-block-text__text has-text-align-justify\">Taikoma minimali i\u0161leid\u017eiama suma <strong>maistui ir g\u0117rimams 4000 eur<\/strong>&nbsp;<strong>ir papildomai <strong> 2000 eur nuomos <\/strong>mokestis<\/strong>&nbsp;iki 23:00.<\/p><\/div>\n\n\n\n<div class=\"wp-block-stackable-text stk-block-text stk-block stk-c01c636\" data-block-id=\"c01c636\"><style>.stk-c01c636 .stk-block-text__text{font-size:1.2rem !important;}@media screen and (max-width:999px){.stk-c01c636 .stk-block-text__text{font-size:1.2rem !important;}}@media screen and (max-width:689px){.stk-c01c636 .stk-block-text__text{font-size:1rem !important;}}<\/style><p class=\"stk-block-text__text has-text-align-justify\">Jeigu planuojate likti ilgiau papildomas naktinis tarifas 150 eur\/val. ir maksimalus buvimo laikas iki 2h nakties.<\/p><\/div>\n\n\n\n<div class=\"wp-block-stackable-heading stk-block-heading stk-block-heading--v2 stk-block stk-0f1w6om\" id=\"atmosphere\" data-block-id=\"0f1w6om\"><style>.stk-0f1w6om {max-width:1500px !important;min-width:auto !important;padding-top:0% !important;padding-right:15% !important;padding-bottom:0% !important;padding-left:15% !important;margin-bottom:28px !important;}.stk-0f1w6om .stk-block-heading__text{font-size:2.1rem !important;font-weight:600 !important;font-family:\"Merriweather\", Sans-serif !important;}@media screen and (max-width:999px){.stk-0f1w6om .stk-block-heading__text{font-size:2.1rem !important;}}@media screen and (max-width:689px){.stk-0f1w6om {padding-top:0px !important;padding-right:0px !important;padding-bottom:0px !important;padding-left:0px !important;margin-bottom:16px !important;}.stk-0f1w6om .stk-block-heading__text{font-size:1.4rem !important;}}<\/style><h2 class=\"stk-block-heading__text has-text-align-center\">Atmosfera<\/h2><\/div>\n\n\n\n<div class=\"wp-block-stackable-text stk-block-text stk-block stk-284118e\" data-block-id=\"284118e\"><style>.stk-284118e .stk-block-text__text{font-size:1.2rem !important;}@media screen and (max-width:999px){.stk-284118e .stk-block-text__text{font-size:1.2rem !important;}}@media screen and (max-width:689px){.stk-284118e .stk-block-text__text{font-size:1rem !important;}}<\/style><p class=\"stk-block-text__text has-text-align-justify\">Vieta pasi\u017eymi ve\u0161lia ir egzoti\u0161ka augalija, \u0161iuolaikinio dizaino elementais ir atpalaiduojan\u010dia, ta\u010diau modernia atmosfera. Restonaras idealiai tinka tiek intymioms ir ma\u017eoms, tiek didesn\u0117ms vestuv\u0117ms. Jaukumo jausm\u0105 sukuria lempu\u010di\u0173 ap\u0161vietimas ir spalv\u0173 gama - geltonas interjeras ir \u017eali augalai dera nuostabiai.<\/p><\/div>\n\n\n\n<div class=\"wp-block-stackable-columns stk-block-columns stk-block stk-e02141a\" data-block-id=\"e02141a\"><div class=\"stk-row stk-inner-blocks stk-block-content stk-content-align stk-e02141a-column\">\n<div class=\"wp-block-stackable-column stk-block-column stk-column stk-block stk-bbb15b2\" data-v=\"4\" data-block-id=\"bbb15b2\"><div class=\"stk-column-wrapper stk-block-column__content stk-container stk-bbb15b2-container stk--no-background stk--no-padding\"><div class=\"stk-block-content stk-inner-blocks stk-bbb15b2-inner-blocks\">\n<div class=\"wp-block-stackable-image stk-block-image stk-block stk-ba93b15\" data-block-id=\"ba93b15\"><style>.stk-ba93b15 .stk-img-wrapper{aspect-ratio:3\/4 !important;height:auto !important;}@media screen and (max-width:999px){.stk-ba93b15 .stk-img-wrapper{height:auto !important;}}@media screen and (max-width:689px){.stk-ba93b15 .stk-img-wrapper{height:auto !important;}}<\/style><figure><span class=\"stk-img-wrapper stk-image--shape-stretch stk--has-lightbox\"><img decoding=\"async\" class=\"stk-img wp-image-3088\" src=\"https:\/\/framedbyevelina.com\/wp-content\/uploads\/2025\/03\/panama-food-garden-siltnamis-greenhouse.jpg\" width=\"779\" height=\"1169\" srcset=\"https:\/\/framedbyevelina.com\/wp-content\/uploads\/2025\/03\/panama-food-garden-siltnamis-greenhouse.jpg 779w, https:\/\/framedbyevelina.com\/wp-content\/uploads\/2025\/03\/panama-food-garden-siltnamis-greenhouse-200x300.jpg 200w, https:\/\/framedbyevelina.com\/wp-content\/uploads\/2025\/03\/panama-food-garden-siltnamis-greenhouse-682x1024.jpg 682w, https:\/\/framedbyevelina.com\/wp-content\/uploads\/2025\/03\/panama-food-garden-siltnamis-greenhouse-768x1152.jpg 768w, https:\/\/framedbyevelina.com\/wp-content\/uploads\/2025\/03\/panama-food-garden-siltnamis-greenhouse-8x12.jpg 8w\" sizes=\"(max-width: 779px) 100vw, 779px\" \/><\/span><\/figure><\/div>\n<\/div><\/div><\/div>\n\n\n\n<div class=\"wp-block-stackable-column stk-block-column stk-column stk-block stk-c65cf12\" data-v=\"4\" data-block-id=\"c65cf12\"><div class=\"stk-column-wrapper stk-block-column__content stk-container stk-c65cf12-container stk--no-background stk--no-padding\"><div class=\"stk-block-content stk-inner-blocks stk-c65cf12-inner-blocks\">\n<div class=\"wp-block-stackable-image stk-block-image stk-block stk-3ef21ae\" data-block-id=\"3ef21ae\"><style>.stk-3ef21ae .stk-img-wrapper{aspect-ratio:3\/4 !important;height:auto !important;}@media screen and (max-width:999px){.stk-3ef21ae .stk-img-wrapper{height:auto !important;}}@media screen and (max-width:689px){.stk-3ef21ae .stk-img-wrapper{height:auto !important;}}<\/style><figure><span class=\"stk-img-wrapper stk-image--shape-stretch stk--has-lightbox\"><img decoding=\"async\" class=\"stk-img wp-image-3087\" src=\"https:\/\/framedbyevelina.com\/wp-content\/uploads\/2025\/03\/panama-garden-food-augalai-zaluma.jpg\" width=\"778\" height=\"1166\" srcset=\"https:\/\/framedbyevelina.com\/wp-content\/uploads\/2025\/03\/panama-garden-food-augalai-zaluma.jpg 778w, https:\/\/framedbyevelina.com\/wp-content\/uploads\/2025\/03\/panama-garden-food-augalai-zaluma-200x300.jpg 200w, https:\/\/framedbyevelina.com\/wp-content\/uploads\/2025\/03\/panama-garden-food-augalai-zaluma-683x1024.jpg 683w, https:\/\/framedbyevelina.com\/wp-content\/uploads\/2025\/03\/panama-garden-food-augalai-zaluma-768x1151.jpg 768w, https:\/\/framedbyevelina.com\/wp-content\/uploads\/2025\/03\/panama-garden-food-augalai-zaluma-8x12.jpg 8w\" sizes=\"(max-width: 778px) 100vw, 778px\" \/><\/span><\/figure><\/div>\n<\/div><\/div><\/div>\n<\/div><\/div>\n\n\n\n<div class=\"wp-block-stackable-image stk-block-image stk-block stk-1e77818\" data-block-id=\"1e77818\"><style>.stk-1e77818 {margin-bottom:36px !important;}.stk-1e77818 .stk-img-wrapper{height:482px !important;}@media screen and (max-width:689px){.stk-1e77818 {margin-bottom:24px !important;}}<\/style><figure><span class=\"stk-img-wrapper stk-image--shape-stretch stk--has-lightbox\"><img loading=\"lazy\" decoding=\"async\" class=\"stk-img wp-image-3083\" src=\"https:\/\/framedbyevelina.com\/wp-content\/uploads\/2025\/03\/panama-food-garden-restorano-dekoracijos.jpg\" width=\"1200\" height=\"800\" srcset=\"https:\/\/framedbyevelina.com\/wp-content\/uploads\/2025\/03\/panama-food-garden-restorano-dekoracijos.jpg 1200w, https:\/\/framedbyevelina.com\/wp-content\/uploads\/2025\/03\/panama-food-garden-restorano-dekoracijos-300x200.jpg 300w, https:\/\/framedbyevelina.com\/wp-content\/uploads\/2025\/03\/panama-food-garden-restorano-dekoracijos-1024x683.jpg 1024w, https:\/\/framedbyevelina.com\/wp-content\/uploads\/2025\/03\/panama-food-garden-restorano-dekoracijos-768x512.jpg 768w, https:\/\/framedbyevelina.com\/wp-content\/uploads\/2025\/03\/panama-food-garden-restorano-dekoracijos-18x12.jpg 18w\" sizes=\"(max-width: 1200px) 100vw, 1200px\" \/><\/span><\/figure><\/div>\n\n\n\n<div class=\"wp-block-stackable-heading stk-block-heading stk-block-heading--v2 stk-block stk-69350f8\" id=\"food-and-catering\" data-block-id=\"69350f8\"><style>.stk-69350f8 .stk-block-heading__text{font-size:2.1rem !important;font-weight:600 !important;font-family:\"Merriweather\", Sans-serif !important;}@media screen and (max-width:999px){.stk-69350f8 .stk-block-heading__text{font-size:2.1rem !important;}}@media screen and (max-width:689px){.stk-69350f8 .stk-block-heading__text{font-size:1.4rem !important;}}<\/style><h2 class=\"stk-block-heading__text has-text-align-center\">Maistas ir maitinimas<\/h2><\/div>\n\n\n\n<div class=\"wp-block-stackable-text stk-block-text stk-block stk-30aefc7\" data-block-id=\"30aefc7\"><style>.stk-30aefc7 .stk-block-text__text{font-size:1.2rem !important;}@media screen and (max-width:999px){.stk-30aefc7 .stk-block-text__text{font-size:1.2rem !important;}}@media screen and (max-width:689px){.stk-30aefc7 .stk-block-text__text{font-size:1rem !important;}}<\/style><p class=\"stk-block-text__text has-text-align-justify\">Vieta gars\u0117ja auk\u0161tos kokyb\u0117s maistu. Nors ir restoranas pasi\u017eymi j\u016bros g\u0117rybi\u0173 patiekalais, Panama si\u016blo \u012fvair\u0173 meniu, kur\u012f galima pritaikyti pagal j\u016bs\u0173 vestuvi\u0173 tem\u0105 ir mitybos poreikius \u2014 \u012fskaitant vegani\u0161kus, be gliuteno ir tradicinius patiekalus.<\/p><\/div>\n\n\n\n<div class=\"wp-block-stackable-text stk-block-text stk-block stk-e2643b3\" data-block-id=\"e2643b3\"><style>.stk-e2643b3 .stk-block-text__text{font-size:1.2rem !important;}@media screen and (max-width:999px){.stk-e2643b3 .stk-block-text__text{font-size:1.2rem !important;}}@media screen and (max-width:689px){.stk-e2643b3 .stk-block-text__text{font-size:1rem !important;}}<\/style><p class=\"stk-block-text__text has-text-align-justify\">Dar \u0161i vieta pasi\u017eymi sveiko maisto ideologija \u2014 \u0161iltnamis n\u0117ra naudojamas tik kaip pobuvio vieta, ta\u010diau jame yra auginami ir prieskoniai kuriais gardinami patiekalai.<\/p><\/div>\n\n\n\n<div class=\"wp-block-stackable-heading stk-block-heading stk-block-heading--v2 stk-block stk-7f16e52\" id=\"strong-1-greenhouse-and-the-lawn-next-to-it-reservation-strong\" data-block-id=\"7f16e52\"><style>.stk-7f16e52 .stk-block-heading__text{font-size:1.7rem !important;font-weight:bold !important;font-family:\"Raleway\", Sans-serif !important;}@media screen and (max-width:999px){.stk-7f16e52 .stk-block-heading__text{font-size:1.7rem !important;}}@media screen and (max-width:689px){.stk-7f16e52 .stk-block-heading__text{font-size:1.2rem !important;}}<\/style><h3 class=\"stk-block-heading__text\">Kulinarinis pasirodymas<\/h3><\/div>\n\n\n\n<div class=\"wp-block-stackable-text stk-block-text stk-block stk-68b1a04\" data-block-id=\"68b1a04\"><style>.stk-68b1a04 .stk-block-text__text{font-size:1.2rem !important;font-family:\"Montserrat\", Sans-serif !important;}@media screen and (max-width:999px){.stk-68b1a04 .stk-block-text__text{font-size:1.2rem !important;}}@media screen and (max-width:689px){.stk-68b1a04 .stk-block-text__text{font-size:1rem !important;}}<\/style><p class=\"stk-block-text__text has-text-align-justify\">Restoranas si\u016blo \u0161efo paslaug\u0105, \u012f kuri\u0105 \u012feina paella gaminimas j\u016bs\u0173 renginio metu. Esu \u012fsitikinus, jog toks kulinarinis pasirodymas paliks \u012flgalaik\u012f \u012fsp\u016bd\u012f sve\u010diams.<\/p><\/div>\n\n\n\n<div class=\"wp-block-stackable-heading stk-block-heading stk-block-heading--v2 stk-block stk-030ed80\" id=\"strong-1-greenhouse-and-the-lawn-next-to-it-reservation-strong\" data-block-id=\"030ed80\"><style>.stk-030ed80 {margin-bottom:25px !important;}.stk-030ed80 .stk-block-heading__text{font-size:1.7rem !important;font-weight:bold !important;font-family:\"Raleway\", Sans-serif !important;}@media screen and (max-width:999px){.stk-030ed80 .stk-block-heading__text{font-size:1.7rem !important;}}@media screen and (max-width:689px){.stk-030ed80 .stk-block-heading__text{font-size:1.2rem !important;}}<\/style><h3 class=\"stk-block-heading__text\">Saldusis stalas<\/h3><\/div>\n\n\n\n<div class=\"wp-block-stackable-text stk-block-text stk-block stk-8d516aa\" data-block-id=\"8d516aa\"><style>.stk-8d516aa .stk-block-text__text{font-size:1.2rem !important;}@media screen and (max-width:999px){.stk-8d516aa .stk-block-text__text{font-size:1.2rem !important;}}@media screen and (max-width:689px){.stk-8d516aa .stk-block-text__text{font-size:1rem !important;}}<\/style><p class=\"stk-block-text__text has-text-align-justify\">Sald\u0173 stal\u0105 galite atsine\u0161ti patys, ta\u010diau svarbu, kad visi produktai tur\u0117t\u0173 pirkimo dokumentus arba garantin\u012f sertifikat\u0105. Nam\u0173 gamybos produktai n\u0117ra leid\u017eiami.<\/p><\/div>\n\n\n\n<div class=\"wp-block-stackable-columns stk-block-columns stk-block stk-9bfadee\" data-block-id=\"9bfadee\"><style>.stk-9bfadee {margin-bottom:36px !important;}@media screen and (max-width:689px){.stk-9bfadee {margin-bottom:24px !important;}}<\/style><div class=\"stk-row stk-inner-blocks stk-block-content stk-content-align stk-9bfadee-column\">\n<div class=\"wp-block-stackable-column stk-block-column stk-column stk-block stk-d6f32a9\" data-v=\"4\" data-block-id=\"d6f32a9\"><div class=\"stk-column-wrapper stk-block-column__content stk-container stk-d6f32a9-container stk--no-background stk--no-padding\"><div class=\"stk-block-content stk-inner-blocks stk-d6f32a9-inner-blocks\">\n<div class=\"wp-block-stackable-image stk-block-image stk-block stk-f412b49\" data-block-id=\"f412b49\"><style>.stk-f412b49 .stk-img-wrapper{aspect-ratio:3\/4 !important;height:auto !important;}@media screen and (max-width:999px){.stk-f412b49 .stk-img-wrapper{height:auto !important;}}@media screen and (max-width:689px){.stk-f412b49 .stk-img-wrapper{height:auto !important;}}<\/style><figure><span class=\"stk-img-wrapper stk-image--shape-stretch stk--has-lightbox\"><img loading=\"lazy\" decoding=\"async\" class=\"stk-img wp-image-3091\" src=\"https:\/\/framedbyevelina.com\/wp-content\/uploads\/2025\/03\/panam-food-garden-vestuves.jpg\" width=\"800\" height=\"1200\" srcset=\"https:\/\/framedbyevelina.com\/wp-content\/uploads\/2025\/03\/panam-food-garden-vestuves.jpg 800w, https:\/\/framedbyevelina.com\/wp-content\/uploads\/2025\/03\/panam-food-garden-vestuves-200x300.jpg 200w, https:\/\/framedbyevelina.com\/wp-content\/uploads\/2025\/03\/panam-food-garden-vestuves-683x1024.jpg 683w, https:\/\/framedbyevelina.com\/wp-content\/uploads\/2025\/03\/panam-food-garden-vestuves-768x1152.jpg 768w, https:\/\/framedbyevelina.com\/wp-content\/uploads\/2025\/03\/panam-food-garden-vestuves-8x12.jpg 8w\" sizes=\"(max-width: 800px) 100vw, 800px\" \/><\/span><\/figure><\/div>\n<\/div><\/div><\/div>\n\n\n\n<div class=\"wp-block-stackable-column stk-block-column stk-column stk-block stk-4c2e71e\" data-v=\"4\" data-block-id=\"4c2e71e\"><div class=\"stk-column-wrapper stk-block-column__content stk-container stk-4c2e71e-container stk--no-background stk--no-padding\"><div class=\"stk-block-content stk-inner-blocks stk-4c2e71e-inner-blocks\">\n<div class=\"wp-block-stackable-image stk-block-image stk-block stk-b2584f7\" data-block-id=\"b2584f7\"><style>.stk-b2584f7 .stk-img-wrapper{aspect-ratio:3\/4 !important;height:auto !important;}@media screen and (max-width:999px){.stk-b2584f7 .stk-img-wrapper{height:auto !important;}}@media screen and (max-width:689px){.stk-b2584f7 .stk-img-wrapper{height:auto !important;}}<\/style><figure><span class=\"stk-img-wrapper stk-image--shape-stretch stk--has-lightbox\"><img loading=\"lazy\" decoding=\"async\" class=\"stk-img wp-image-3094\" src=\"https:\/\/framedbyevelina.com\/wp-content\/uploads\/2025\/03\/panama-food-garden-vilnius-decorations-wedding.jpg\" width=\"720\" height=\"1080\" srcset=\"https:\/\/framedbyevelina.com\/wp-content\/uploads\/2025\/03\/panama-food-garden-vilnius-decorations-wedding.jpg 720w, https:\/\/framedbyevelina.com\/wp-content\/uploads\/2025\/03\/panama-food-garden-vilnius-decorations-wedding-200x300.jpg 200w, https:\/\/framedbyevelina.com\/wp-content\/uploads\/2025\/03\/panama-food-garden-vilnius-decorations-wedding-683x1024.jpg 683w, https:\/\/framedbyevelina.com\/wp-content\/uploads\/2025\/03\/panama-food-garden-vilnius-decorations-wedding-8x12.jpg 8w\" sizes=\"(max-width: 720px) 100vw, 720px\" \/><\/span><\/figure><\/div>\n<\/div><\/div><\/div>\n\n\n\n<div class=\"wp-block-stackable-column stk-block-column stk-column stk-block stk-d67b472\" data-v=\"4\" data-block-id=\"d67b472\"><div class=\"stk-column-wrapper stk-block-column__content stk-container stk-d67b472-container stk--no-background stk--no-padding\"><div class=\"stk-block-content stk-inner-blocks stk-d67b472-inner-blocks\">\n<div class=\"wp-block-stackable-image stk-block-image stk-block stk-a4f5256\" data-block-id=\"a4f5256\"><style>.stk-a4f5256 .stk-img-wrapper{aspect-ratio:3\/4 !important;height:auto !important;}@media screen and (max-width:999px){.stk-a4f5256 .stk-img-wrapper{height:auto !important;}}@media screen and (max-width:689px){.stk-a4f5256 .stk-img-wrapper{height:auto !important;}}<\/style><figure><span class=\"stk-img-wrapper stk-image--shape-stretch stk--has-lightbox\"><img loading=\"lazy\" decoding=\"async\" class=\"stk-img wp-image-3096\" src=\"https:\/\/framedbyevelina.com\/wp-content\/uploads\/2025\/03\/vilnius-wedding-venue-intimate-small.jpg\" width=\"720\" height=\"1080\" srcset=\"https:\/\/framedbyevelina.com\/wp-content\/uploads\/2025\/03\/vilnius-wedding-venue-intimate-small.jpg 720w, https:\/\/framedbyevelina.com\/wp-content\/uploads\/2025\/03\/vilnius-wedding-venue-intimate-small-200x300.jpg 200w, https:\/\/framedbyevelina.com\/wp-content\/uploads\/2025\/03\/vilnius-wedding-venue-intimate-small-683x1024.jpg 683w, https:\/\/framedbyevelina.com\/wp-content\/uploads\/2025\/03\/vilnius-wedding-venue-intimate-small-8x12.jpg 8w\" sizes=\"(max-width: 720px) 100vw, 720px\" \/><\/span><\/figure><\/div>\n<\/div><\/div><\/div>\n<\/div><\/div>\n\n\n\n<div class=\"wp-block-stackable-heading stk-block-heading stk-block-heading--v2 stk-block stk-38f41d5\" id=\"location\" data-block-id=\"38f41d5\"><style>.stk-38f41d5 .stk-block-heading__text{font-size:2.1rem !important;font-weight:600 !important;font-family:\"Merriweather\", Sans-serif !important;}@media screen and (max-width:999px){.stk-38f41d5 .stk-block-heading__text{font-size:2.1rem !important;}}@media screen and (max-width:689px){.stk-38f41d5 .stk-block-heading__text{font-size:1.4rem !important;}}<\/style><h2 class=\"stk-block-heading__text has-text-align-center\">Lokacija<\/h2><\/div>\n\n\n\n<div class=\"wp-block-stackable-text stk-block-text stk-block stk-c350fd4\" data-block-id=\"c350fd4\"><style>.stk-c350fd4 .stk-block-text__text{font-size:1.2rem !important;}@media screen and (max-width:999px){.stk-c350fd4 .stk-block-text__text{font-size:1.2rem !important;}}@media screen and (max-width:689px){.stk-c350fd4 .stk-block-text__text{font-size:1rem !important;}}<\/style><p class=\"stk-block-text__text has-text-align-justify\">Situated in&nbsp;the heart of&nbsp;Vilnius, Panama Food Garden combines the tranquility of&nbsp;a&nbsp;garden setting with the convenience of&nbsp;a&nbsp;city location. The venue is&nbsp;located in&nbsp;region named \u017dv\u0117rynas.<\/p><\/div>\n\n\n\n<div class=\"wp-block-stackable-text stk-block-text stk-block stk-003c5b7\" data-block-id=\"003c5b7\"><style>.stk-003c5b7 .stk-block-text__text{font-size:1.2rem !important;}@media screen and (max-width:999px){.stk-003c5b7 .stk-block-text__text{font-size:1.2rem !important;}}@media screen and (max-width:689px){.stk-003c5b7 .stk-block-text__text{font-size:1rem !important;}}<\/style><p class=\"stk-block-text__text has-text-align-justify\">Nuoroda \u012f Google Maps: <a href=\"https:\/\/maps.app.goo.gl\/GhtWU4g4ZfoJ7mZu9\" target=\"_blank\" rel=\"noreferrer noopener\">maps.app.goo.gl\/GhtWU4g4ZfoJ7mZu9<\/a><\/p><\/div>\n\n\n\n<div class=\"wp-block-stackable-heading stk-block-heading stk-block-heading--v2 stk-block stk-5b71cab\" id=\"parking\" data-block-id=\"5b71cab\"><style>.stk-5b71cab .stk-block-heading__text{font-size:2.1rem !important;font-weight:600 !important;font-family:\"Merriweather\", Sans-serif !important;}@media screen and (max-width:999px){.stk-5b71cab .stk-block-heading__text{font-size:2.1rem !important;}}@media screen and (max-width:689px){.stk-5b71cab .stk-block-heading__text{font-size:1.4rem !important;}}<\/style><h2 class=\"stk-block-heading__text has-text-align-center\">Parkingas<\/h2><\/div>\n\n\n\n<div class=\"wp-block-stackable-text stk-block-text stk-block stk-0e507da\" data-block-id=\"0e507da\"><style>.stk-0e507da .stk-block-text__text{font-size:1.2rem !important;}@media screen and (max-width:999px){.stk-0e507da .stk-block-text__text{font-size:1.2rem !important;}}@media screen and (max-width:689px){.stk-0e507da .stk-block-text__text{font-size:1rem !important;}}<\/style><p class=\"stk-block-text__text has-text-align-justify\">Parkingas \u0161alia restorano priklauso \u017daliajai zonai ir yra mokamas I-IV (pirmad. \u2014 \u0161e\u0161tad.) tarp 8-18 val. kurio 1 val. kaina 0,30 euro.<\/p><\/div>\n\n\n\n<div class=\"wp-block-stackable-columns stk-block-columns stk-block stk-c6d8990\" data-block-id=\"c6d8990\"><style>.stk-c6d8990 {margin-bottom:36px !important;}@media screen and (max-width:689px){.stk-c6d8990 {margin-bottom:24px !important;}}<\/style><div class=\"stk-row stk-inner-blocks stk-block-content stk-content-align stk-c6d8990-column\">\n<div class=\"wp-block-stackable-column stk-block-column stk-column stk-block stk-a68936f\" data-v=\"4\" data-block-id=\"a68936f\"><div class=\"stk-column-wrapper stk-block-column__content stk-container stk-a68936f-container stk--no-background stk--no-padding\"><div class=\"stk-block-content stk-inner-blocks stk-a68936f-inner-blocks\">\n<div class=\"wp-block-stackable-image stk-block-image stk-block stk-e932ab4\" data-block-id=\"e932ab4\"><figure><span class=\"stk-img-wrapper stk-image--shape-stretch stk--has-lightbox\"><img loading=\"lazy\" decoding=\"async\" class=\"stk-img wp-image-3106\" src=\"https:\/\/framedbyevelina.com\/wp-content\/uploads\/2025\/03\/vestuves-panama-food-garden.jpg\" width=\"720\" height=\"1080\" srcset=\"https:\/\/framedbyevelina.com\/wp-content\/uploads\/2025\/03\/vestuves-panama-food-garden.jpg 720w, https:\/\/framedbyevelina.com\/wp-content\/uploads\/2025\/03\/vestuves-panama-food-garden-200x300.jpg 200w, https:\/\/framedbyevelina.com\/wp-content\/uploads\/2025\/03\/vestuves-panama-food-garden-683x1024.jpg 683w, https:\/\/framedbyevelina.com\/wp-content\/uploads\/2025\/03\/vestuves-panama-food-garden-8x12.jpg 8w\" sizes=\"(max-width: 720px) 100vw, 720px\" \/><\/span><\/figure><\/div>\n<\/div><\/div><\/div>\n\n\n\n<div class=\"wp-block-stackable-column stk-block-column stk-column stk-block stk-34dfdf4\" data-v=\"4\" data-block-id=\"34dfdf4\"><div class=\"stk-column-wrapper stk-block-column__content stk-container stk-34dfdf4-container stk--no-background stk--no-padding\"><div class=\"stk-block-content stk-inner-blocks stk-34dfdf4-inner-blocks\">\n<div class=\"wp-block-stackable-image stk-block-image stk-block stk-a43f805\" data-block-id=\"a43f805\"><figure><span class=\"stk-img-wrapper stk-image--shape-stretch stk--has-lightbox\"><img loading=\"lazy\" decoding=\"async\" class=\"stk-img wp-image-3105\" src=\"https:\/\/framedbyevelina.com\/wp-content\/uploads\/2025\/03\/geriausios-vietos-vestuvems-vilniuje.jpg\" width=\"656\" height=\"984\" srcset=\"https:\/\/framedbyevelina.com\/wp-content\/uploads\/2025\/03\/geriausios-vietos-vestuvems-vilniuje.jpg 656w, https:\/\/framedbyevelina.com\/wp-content\/uploads\/2025\/03\/geriausios-vietos-vestuvems-vilniuje-200x300.jpg 200w, https:\/\/framedbyevelina.com\/wp-content\/uploads\/2025\/03\/geriausios-vietos-vestuvems-vilniuje-8x12.jpg 8w\" sizes=\"(max-width: 656px) 100vw, 656px\" \/><\/span><\/figure><\/div>\n<\/div><\/div><\/div>\n<\/div><\/div>\n\n\n\n<div class=\"wp-block-stackable-heading stk-block-heading stk-block-heading--v2 stk-block stk-346e162\" id=\"accessibility\" data-block-id=\"346e162\"><style>.stk-346e162 .stk-block-heading__text{font-size:2.3rem !important;font-weight:600 !important;font-family:\"Merriweather\", Sans-serif !important;}@media screen and (max-width:999px){.stk-346e162 .stk-block-heading__text{font-size:2.3rem !important;}}@media screen and (max-width:689px){.stk-346e162 .stk-block-heading__text{font-size:1.4rem !important;}}<\/style><h2 class=\"stk-block-heading__text has-text-align-center\">Pritaikymas ne\u012fgaliesiems<\/h2><\/div>\n\n\n\n<div class=\"wp-block-stackable-text stk-block-text stk-block stk-b55acbb\" data-block-id=\"b55acbb\"><style>.stk-b55acbb .stk-block-text__text{font-size:1.2rem !important;}@media screen and (max-width:999px){.stk-b55acbb .stk-block-text__text{font-size:1.2rem !important;}}@media screen and (max-width:689px){.stk-b55acbb .stk-block-text__text{font-size:1rem !important;}}<\/style><p class=\"stk-block-text__text has-text-align-justify\">Restoranas n\u0117ra pilnai pritaikytas ne\u012fgaliesiems, nes kai kuriose vietose yra laipteli\u0173, kuri\u0173 ne\u012fmanoma i\u0161vengti ir neturi ramp\u0173.<\/p><\/div>\n\n\n\n<div class=\"wp-block-stackable-heading stk-block-heading stk-block-heading--v2 stk-block stk-8162d23\" id=\"entertainment-and-music\" data-block-id=\"8162d23\"><style>.stk-8162d23 .stk-block-heading__text{font-size:2.1rem !important;font-weight:600 !important;font-family:\"Merriweather\", Sans-serif !important;}@media screen and (max-width:999px){.stk-8162d23 .stk-block-heading__text{font-size:2.1rem !important;}}@media screen and (max-width:689px){.stk-8162d23 .stk-block-heading__text{font-size:1.4rem !important;}}<\/style><h2 class=\"stk-block-heading__text has-text-align-center\">Pramogos ir muzika<\/h2><\/div>\n\n\n\n<div class=\"wp-block-stackable-text stk-block-text stk-block stk-c54994b\" data-block-id=\"c54994b\"><style>.stk-c54994b .stk-block-text__text{font-size:1.2rem !important;}@media screen and (max-width:999px){.stk-c54994b .stk-block-text__text{font-size:1.2rem !important;}}@media screen and (max-width:689px){.stk-c54994b .stk-block-text__text{font-size:1rem !important;}}<\/style><p class=\"stk-block-text__text has-text-align-justify\">\u0160iltnamyje ir terasoje \u0161oki\u0173 ar koncert\u0173 su papildoma garso aparat\u016bra organizuoti galimyb\u0117s n\u0117ra. <\/p><\/div>\n\n\n\n<div class=\"wp-block-stackable-text stk-block-text stk-block stk-710a4d9\" data-block-id=\"710a4d9\"><style>.stk-710a4d9 .stk-block-text__text{font-size:1.2rem !important;}@media screen and (max-width:999px){.stk-710a4d9 .stk-block-text__text{font-size:1.2rem !important;}}@media screen and (max-width:689px){.stk-710a4d9 .stk-block-text__text{font-size:1rem !important;}}<\/style><p class=\"stk-block-text__text has-text-align-justify\">Garsesn\u0117 muzika leid\u017eiama restorano viduje (rezervuojant vis\u0105 restoran\u0105), o lauke bei \u0161iltnamyje galima tik fonin\u0117 muzika per restorano kolon\u0117les. Taip pat galima leisti j\u016bs\u0173 pasirinkto grojara\u0161\u010dio muzik\u0105 per Spotify.<\/p><\/div>\n\n\n\n<div class=\"wp-block-stackable-image stk-block-image stk-block stk-89bcd29\" data-block-id=\"89bcd29\"><figure><span class=\"stk-img-wrapper stk-image--shape-stretch stk--has-lightbox\"><img loading=\"lazy\" decoding=\"async\" class=\"stk-img wp-image-3132\" src=\"https:\/\/framedbyevelina.com\/wp-content\/uploads\/2025\/03\/restoranas-siltnamis-vilniuje.jpg\" width=\"1192\" height=\"623\" srcset=\"https:\/\/framedbyevelina.com\/wp-content\/uploads\/2025\/03\/restoranas-siltnamis-vilniuje.jpg 1192w, https:\/\/framedbyevelina.com\/wp-content\/uploads\/2025\/03\/restoranas-siltnamis-vilniuje-300x157.jpg 300w, https:\/\/framedbyevelina.com\/wp-content\/uploads\/2025\/03\/restoranas-siltnamis-vilniuje-1024x535.jpg 1024w, https:\/\/framedbyevelina.com\/wp-content\/uploads\/2025\/03\/restoranas-siltnamis-vilniuje-768x401.jpg 768w, https:\/\/framedbyevelina.com\/wp-content\/uploads\/2025\/03\/restoranas-siltnamis-vilniuje-18x9.jpg 18w\" sizes=\"(max-width: 1192px) 100vw, 1192px\" \/><\/span><\/figure><\/div>\n\n\n\n<div class=\"wp-block-stackable-columns stk-block-columns stk-block stk-79b9eec\" data-block-id=\"79b9eec\"><style>.stk-79b9eec {margin-bottom:36px !important;}@media screen and (max-width:689px){.stk-79b9eec {margin-bottom:24px !important;}}<\/style><div class=\"stk-row stk-inner-blocks stk-block-content stk-content-align stk-79b9eec-column\">\n<div class=\"wp-block-stackable-column stk-block-column stk-column stk-block stk-7c46f0d\" data-v=\"4\" data-block-id=\"7c46f0d\"><div class=\"stk-column-wrapper stk-block-column__content stk-container stk-7c46f0d-container stk--no-background stk--no-padding\"><div class=\"stk-block-content stk-inner-blocks stk-7c46f0d-inner-blocks\">\n<div class=\"wp-block-stackable-image stk-block-image stk-block stk-0819824\" data-block-id=\"0819824\"><figure><span class=\"stk-img-wrapper stk-image--shape-stretch stk--has-lightbox\"><img loading=\"lazy\" decoding=\"async\" class=\"stk-img wp-image-3100\" src=\"https:\/\/framedbyevelina.com\/wp-content\/uploads\/2025\/03\/vilnius-lithuania-wedding-venues-greenhouse.jpg\" width=\"720\" height=\"1080\" srcset=\"https:\/\/framedbyevelina.com\/wp-content\/uploads\/2025\/03\/vilnius-lithuania-wedding-venues-greenhouse.jpg 720w, https:\/\/framedbyevelina.com\/wp-content\/uploads\/2025\/03\/vilnius-lithuania-wedding-venues-greenhouse-200x300.jpg 200w, https:\/\/framedbyevelina.com\/wp-content\/uploads\/2025\/03\/vilnius-lithuania-wedding-venues-greenhouse-683x1024.jpg 683w, https:\/\/framedbyevelina.com\/wp-content\/uploads\/2025\/03\/vilnius-lithuania-wedding-venues-greenhouse-8x12.jpg 8w\" sizes=\"(max-width: 720px) 100vw, 720px\" \/><\/span><\/figure><\/div>\n<\/div><\/div><\/div>\n\n\n\n<div class=\"wp-block-stackable-column stk-block-column stk-column stk-block stk-5982697\" data-v=\"4\" data-block-id=\"5982697\"><div class=\"stk-column-wrapper stk-block-column__content stk-container stk-5982697-container stk--no-background stk--no-padding\"><div class=\"stk-block-content stk-inner-blocks stk-5982697-inner-blocks\">\n<div class=\"wp-block-stackable-image stk-block-image stk-block stk-bd8b70a\" data-block-id=\"bd8b70a\"><figure><span class=\"stk-img-wrapper stk-image--shape-stretch stk--has-lightbox\"><img loading=\"lazy\" decoding=\"async\" class=\"stk-img wp-image-3102\" src=\"https:\/\/framedbyevelina.com\/wp-content\/uploads\/2025\/03\/panama-food-garden-vestuves-siltnamyje.jpg\" width=\"704\" height=\"1056\" srcset=\"https:\/\/framedbyevelina.com\/wp-content\/uploads\/2025\/03\/panama-food-garden-vestuves-siltnamyje.jpg 704w, https:\/\/framedbyevelina.com\/wp-content\/uploads\/2025\/03\/panama-food-garden-vestuves-siltnamyje-200x300.jpg 200w, https:\/\/framedbyevelina.com\/wp-content\/uploads\/2025\/03\/panama-food-garden-vestuves-siltnamyje-683x1024.jpg 683w, https:\/\/framedbyevelina.com\/wp-content\/uploads\/2025\/03\/panama-food-garden-vestuves-siltnamyje-8x12.jpg 8w\" sizes=\"(max-width: 704px) 100vw, 704px\" \/><\/span><\/figure><\/div>\n<\/div><\/div><\/div>\n<\/div><\/div>\n\n\n\n<div class=\"wp-block-stackable-heading stk-block-heading stk-block-heading--v2 stk-block stk-13f891a\" id=\"decorations\" data-block-id=\"13f891a\"><style>.stk-13f891a .stk-block-heading__text{font-size:2.1rem !important;font-weight:600 !important;font-family:\"Merriweather\", Sans-serif !important;}@media screen and (max-width:999px){.stk-13f891a .stk-block-heading__text{font-size:2.1rem !important;}}@media screen and (max-width:689px){.stk-13f891a .stk-block-heading__text{font-size:1.4rem !important;}}<\/style><h2 class=\"stk-block-heading__text has-text-align-center\">Dekoracijos<\/h2><\/div>\n\n\n\n<div class=\"wp-block-stackable-text stk-block-text stk-block stk-37b5834\" data-block-id=\"37b5834\"><style>.stk-37b5834 .stk-block-text__text{font-size:1.2rem !important;}@media screen and (max-width:999px){.stk-37b5834 .stk-block-text__text{font-size:1.2rem !important;}}@media screen and (max-width:689px){.stk-37b5834 .stk-block-text__text{font-size:1rem !important;}}<\/style><p class=\"stk-block-text__text has-text-align-justify\">Pats i\u0161 sav\u0119s restoranas jau gerai atrodo, turi daug lempu\u010di\u0173 ir augalijos. Nat\u016bral\u0173 sodo gro\u017e\u012f galima papildyti stilingomis dekoracijos ir pritaikyti pagal j\u016bs\u0173 vestuvi\u0173 vizij\u0105. Dekorator\u0119 galima samdytis savo pagal pasirinkim\u0105, restoranas neturi apribojim\u0173 ar reikalavim\u0173 \u0161iuo at\u017evilgiu.<\/p><\/div>\n\n\n\n<div class=\"wp-block-stackable-text stk-block-text stk-block stk-1d7cdd7\" data-block-id=\"1d7cdd7\"><style>.stk-1d7cdd7 {margin-bottom:17px !important;}.stk-1d7cdd7 .stk-block-text__text{font-size:1.2rem !important;}@media screen and (max-width:999px){.stk-1d7cdd7 .stk-block-text__text{font-size:1.2rem !important;}}@media screen and (max-width:689px){.stk-1d7cdd7 .stk-block-text__text{font-size:1rem !important;}}<\/style><p class=\"stk-block-text__text has-text-align-justify\">Dekoracijas matomas nuotraukuose suk\u016br\u0117 Flowers Art. Stilingas ir skoningas minimalizmas \u2014 puikus derinys \u0161iai vietai.<\/p><\/div>\n\n\n\n<div class=\"wp-block-stackable-text stk-block-text stk-block stk-395236e\" data-block-id=\"395236e\"><style>.stk-395236e {margin-bottom:10px !important;}.stk-395236e .stk-block-text__text{font-size:1.2rem !important;}@media screen and (max-width:999px){.stk-395236e .stk-block-text__text{font-size:1.2rem !important;}}@media screen and (max-width:689px){.stk-395236e .stk-block-text__text{font-size:1rem !important;}}<\/style><p class=\"stk-block-text__text has-text-align-justify\">Flowers Art socialiai tinklai:<\/p><\/div>\n\n\n\n<div class=\"wp-block-stackable-icon-list stk-block-icon-list stk-block stk-2c9a477\" data-block-id=\"2c9a477\"><svg style=\"display:none\"><defs><g id=\"stk-icon-list__icon-svg-def-2c9a477\"><svg xmlns=\"http:\/\/www.w3.org\/2000\/svg\" viewbox=\"0 0 190 190\"><polygon points=\"173.8,28.4 60.4,141.8 15.7,97.2 5.1,107.8 60.4,163 184.4,39 173.8,28.4\"\/><\/svg><\/g><\/defs><\/svg><ul class=\"stk-block-icon-list__ul stk-block-icon-list--column\">\n<li class=\"wp-block-stackable-icon-list-item stk-block-icon-list-item stk-block stk-6ad58bb\" data-block-id=\"6ad58bb\"><style>.stk-6ad58bb .stk-block-icon-list-item__text{font-size:1.2rem !important;}@media screen and (max-width:999px){.stk-6ad58bb .stk-block-icon-list-item__text{font-size:1.2rem !important;}}@media screen and (max-width:689px){.stk-6ad58bb .stk-block-icon-list-item__text{font-size:1rem !important;}}<\/style><div class=\"stk-block-icon-list-item__content\"><span class=\"stk--svg-wrapper\"><div class=\"stk--inner-svg\"><svg xmlns=\"http:\/\/www.w3.org\/2000\/svg\" viewbox=\"0 0 448 512\" aria-hidden=\"true\" width=\"32\" height=\"32\"><path d=\"M224.1 141c-63.6 0-114.9 51.3-114.9 114.9s51.3 114.9 114.9 114.9S339 319.5 339 255.9 287.7 141 224.1 141zm0 189.6c-41.1 0-74.7-33.5-74.7-74.7s33.5-74.7 74.7-74.7 74.7 33.5 74.7 74.7-33.6 74.7-74.7 74.7zm146.4-194.3c0 14.9-12 26.8-26.8 26.8-14.9 0-26.8-12-26.8-26.8s12-26.8 26.8-26.8 26.8 12 26.8 26.8zm76.1 27.2c-1.7-35.9-9.9-67.7-36.2-93.9-26.2-26.2-58-34.4-93.9-36.2-37-2.1-147.9-2.1-184.9 0-35.8 1.7-67.6 9.9-93.9 36.1s-34.4 58-36.2 93.9c-2.1 37-2.1 147.9 0 184.9 1.7 35.9 9.9 67.7 36.2 93.9s58 34.4 93.9 36.2c37 2.1 147.9 2.1 184.9 0 35.9-1.7 67.7-9.9 93.9-36.2 26.2-26.2 34.4-58 36.2-93.9 2.1-37 2.1-147.8 0-184.8zM398.8 388c-7.8 19.6-22.9 34.7-42.6 42.6-29.5 11.7-99.5 9-132.1 9s-102.7 2.6-132.1-9c-19.6-7.8-34.7-22.9-42.6-42.6-11.7-29.5-9-99.5-9-132.1s-2.6-102.7 9-132.1c7.8-19.6 22.9-34.7 42.6-42.6 29.5-11.7 99.5-9 132.1-9s102.7-2.6 132.1 9c19.6 7.8 34.7 22.9 42.6 42.6 11.7 29.5 9 99.5 9 132.1s2.7 102.7-9 132.1z\"\/><\/svg><\/div><\/span><span class=\"stk-block-icon-list-item__text\">Instagram:&nbsp;<a href=\"https:\/\/www.instagram.com\/flowers.art.dekoras\/\" target=\"_blank\" rel=\"noreferrer noopener\">www.instagram.com\/flowers.art.dekoras\/<\/a><\/span><\/div><\/li>\n\n\n\n<li class=\"wp-block-stackable-icon-list-item stk-block-icon-list-item stk-block stk-e8af867\" data-block-id=\"e8af867\"><style>.stk-e8af867 .stk-block-icon-list-item__text{font-size:1.2rem !important;}@media screen and (max-width:999px){.stk-e8af867 .stk-block-icon-list-item__text{font-size:1.2rem !important;}}@media screen and (max-width:689px){.stk-e8af867 .stk-block-icon-list-item__text{font-size:1rem !important;}}<\/style><div class=\"stk-block-icon-list-item__content\"><span class=\"stk--svg-wrapper\"><div class=\"stk--inner-svg\"><svg xmlns=\"http:\/\/www.w3.org\/2000\/svg\" viewbox=\"0 0 512 512\" aria-hidden=\"true\" width=\"32\" height=\"32\"><path d=\"M512 256C512 114.6 397.4 0 256 0S0 114.6 0 256C0 376 82.7 476.8 194.2 504.5V334.2H141.4V256h52.8V222.3c0-87.1 39.4-127.5 125-127.5c16.2 0 44.2 3.2 55.7 6.4V172c-6-.6-16.5-1-29.6-1c-42 0-58.2 15.9-58.2 57.2V256h83.6l-14.4 78.2H287V510.1C413.8 494.8 512 386.9 512 256h0z\"\/><\/svg><\/div><\/span><span class=\"stk-block-icon-list-item__text\">Facebook:&nbsp;<a href=\"https:\/\/www.facebook.com\/fl0wers.art%C2%A0\" target=\"_blank\" rel=\"noreferrer noopener\">www.facebook.com\/fl0wers.art&nbsp;<\/a><\/span><\/div><\/li>\n<\/ul><\/div>\n\n\n\n<div class=\"wp-block-stackable-image stk-block-image stk-block stk-b9c5211\" data-block-id=\"b9c5211\"><figure><span class=\"stk-img-wrapper stk-image--shape-stretch stk--has-lightbox\"><img loading=\"lazy\" decoding=\"async\" class=\"stk-img wp-image-3107\" src=\"https:\/\/framedbyevelina.com\/wp-content\/uploads\/2025\/03\/dekorateres-vestuvems-panama-food-garden.jpg\" width=\"1080\" height=\"720\" srcset=\"https:\/\/framedbyevelina.com\/wp-content\/uploads\/2025\/03\/dekorateres-vestuvems-panama-food-garden.jpg 1080w, https:\/\/framedbyevelina.com\/wp-content\/uploads\/2025\/03\/dekorateres-vestuvems-panama-food-garden-300x200.jpg 300w, https:\/\/framedbyevelina.com\/wp-content\/uploads\/2025\/03\/dekorateres-vestuvems-panama-food-garden-1024x683.jpg 1024w, https:\/\/framedbyevelina.com\/wp-content\/uploads\/2025\/03\/dekorateres-vestuvems-panama-food-garden-768x512.jpg 768w, https:\/\/framedbyevelina.com\/wp-content\/uploads\/2025\/03\/dekorateres-vestuvems-panama-food-garden-18x12.jpg 18w\" sizes=\"(max-width: 1080px) 100vw, 1080px\" \/><\/span><\/figure><\/div>\n\n\n\n<div class=\"wp-block-stackable-columns stk-block-columns stk-block stk-a2a0beb\" data-block-id=\"a2a0beb\"><style>.stk-a2a0beb {margin-bottom:36px !important;}@media screen and (max-width:689px){.stk-a2a0beb {margin-bottom:24px !important;}}<\/style><div class=\"stk-row stk-inner-blocks stk-block-content stk-content-align stk-a2a0beb-column\">\n<div class=\"wp-block-stackable-column stk-block-column stk-column stk-block stk-8c20ab5\" data-v=\"4\" data-block-id=\"8c20ab5\"><div class=\"stk-column-wrapper stk-block-column__content stk-container stk-8c20ab5-container stk--no-background stk--no-padding\"><div class=\"stk-block-content stk-inner-blocks stk-8c20ab5-inner-blocks\">\n<div class=\"wp-block-stackable-image stk-block-image stk-block stk-76e0c1b\" data-block-id=\"76e0c1b\"><figure><span class=\"stk-img-wrapper stk-image--shape-stretch stk--has-lightbox\"><img loading=\"lazy\" decoding=\"async\" class=\"stk-img wp-image-3109\" src=\"https:\/\/framedbyevelina.com\/wp-content\/uploads\/2025\/03\/vestuviu-stalo-dekoracijos-minimalizmas.jpg\" width=\"691\" height=\"1037\" srcset=\"https:\/\/framedbyevelina.com\/wp-content\/uploads\/2025\/03\/vestuviu-stalo-dekoracijos-minimalizmas.jpg 691w, https:\/\/framedbyevelina.com\/wp-content\/uploads\/2025\/03\/vestuviu-stalo-dekoracijos-minimalizmas-200x300.jpg 200w, https:\/\/framedbyevelina.com\/wp-content\/uploads\/2025\/03\/vestuviu-stalo-dekoracijos-minimalizmas-682x1024.jpg 682w, https:\/\/framedbyevelina.com\/wp-content\/uploads\/2025\/03\/vestuviu-stalo-dekoracijos-minimalizmas-8x12.jpg 8w\" sizes=\"(max-width: 691px) 100vw, 691px\" \/><\/span><\/figure><\/div>\n<\/div><\/div><\/div>\n\n\n\n<div class=\"wp-block-stackable-column stk-block-column stk-column stk-block stk-7487240\" data-v=\"4\" data-block-id=\"7487240\"><div class=\"stk-column-wrapper stk-block-column__content stk-container stk-7487240-container stk--no-background stk--no-padding\"><div class=\"stk-block-content stk-inner-blocks stk-7487240-inner-blocks\">\n<div class=\"wp-block-stackable-image stk-block-image stk-block stk-df385b8\" data-block-id=\"df385b8\"><figure><span class=\"stk-img-wrapper stk-image--shape-stretch stk--has-lightbox\"><img loading=\"lazy\" decoding=\"async\" class=\"stk-img wp-image-3101\" src=\"https:\/\/framedbyevelina.com\/wp-content\/uploads\/2025\/03\/greenhouse-wedding-venue-lithuania-europe.jpg\" width=\"720\" height=\"1080\" srcset=\"https:\/\/framedbyevelina.com\/wp-content\/uploads\/2025\/03\/greenhouse-wedding-venue-lithuania-europe.jpg 720w, https:\/\/framedbyevelina.com\/wp-content\/uploads\/2025\/03\/greenhouse-wedding-venue-lithuania-europe-200x300.jpg 200w, https:\/\/framedbyevelina.com\/wp-content\/uploads\/2025\/03\/greenhouse-wedding-venue-lithuania-europe-683x1024.jpg 683w, https:\/\/framedbyevelina.com\/wp-content\/uploads\/2025\/03\/greenhouse-wedding-venue-lithuania-europe-8x12.jpg 8w\" sizes=\"(max-width: 720px) 100vw, 720px\" \/><\/span><\/figure><\/div>\n<\/div><\/div><\/div>\n<\/div><\/div>\n\n\n\n<div class=\"wp-block-stackable-heading stk-block-heading stk-block-heading--v2 stk-block stk-d8171d7\" id=\"photos-and-photographer\" data-block-id=\"d8171d7\"><style>.stk-d8171d7 .stk-block-heading__text{font-size:2.3rem !important;font-weight:600 !important;font-family:\"Alice\", Sans-serif !important;}@media screen and (max-width:999px){.stk-d8171d7 .stk-block-heading__text{font-size:2.3rem !important;}}@media screen and (max-width:689px){.stk-d8171d7 .stk-block-heading__text{font-size:1.4rem !important;}}<\/style><h2 class=\"stk-block-heading__text has-text-align-center\">Nuotraukos ir fotografas<\/h2><\/div>\n\n\n\n<div class=\"wp-block-stackable-text stk-block-text stk-block stk-e349306\" data-block-id=\"e349306\"><style>.stk-e349306 .stk-block-text__text{font-size:1.2rem !important;}@media screen and (max-width:999px){.stk-e349306 .stk-block-text__text{font-size:1.2rem !important;}}@media screen and (max-width:689px){.stk-e349306 .stk-block-text__text{font-size:1rem !important;}}<\/style><p class=\"stk-block-text__text has-text-align-justify\">Jei jums patiko \u0161is \u0161iltas, spalvotas nuotrauk\u0173 stilius tinklara\u0161tyje ir ie\u0161kote fotografo savo ypatingai \u0161ventei, kvie\u010diu daugiau pasi\u017evalgyti&nbsp;<a href=\"https:\/\/framedbyevelina.com\/lt\/\" title=\"Pagrindinis\">po mano puslap\u012f<\/a>.<\/p><\/div>\n\n\n\n<div class=\"wp-block-stackable-text stk-block-text stk-block stk-3847093\" data-block-id=\"3847093\"><style>.stk-3847093 .stk-block-text__text{font-size:1.2rem !important;}@media screen and (max-width:999px){.stk-3847093 .stk-block-text__text{font-size:1.2rem !important;}}@media screen and (max-width:689px){.stk-3847093 .stk-block-text__text{font-size:1rem !important;}}<\/style><p class=\"stk-block-text__text has-text-align-justify translation-block\">Esu fotograf\u0117 Evelina ir specializuojuosi bei padedu <strong>drovioms poroms atsipalaiduoti prie\u0161 kamer\u0105<\/strong>. Puikiai suprantu, kad pirm\u0105kart b\u016bti prie\u0161 kamer\u0105, ypa\u010d vien\u0105 svarbiausi\u0173 savo gyvenimo dien\u0173, atrodo nejauku ir baisu, bet noriu patikinti, kad tai tik iliuzija! Pozavimas per judes\u012f su draugi\u0161ko fotografo pagalba gali b\u016bt net labai smagus ir nat\u016bralus!<\/p><\/div>\n\n\n\n<div class=\"wp-block-stackable-columns stk-block-columns stk-block stk-a0bf333\" data-block-id=\"a0bf333\"><style>.stk-a0bf333 {margin-bottom:36px !important;}@media screen and (max-width:689px){.stk-a0bf333 {margin-bottom:24px !important;}}<\/style><div class=\"stk-row stk-inner-blocks stk-block-content stk-content-align stk-a0bf333-column\">\n<div class=\"wp-block-stackable-column stk-block-column stk-column stk-block stk-1e487f9\" data-v=\"4\" data-block-id=\"1e487f9\"><div class=\"stk-column-wrapper stk-block-column__content stk-container stk-1e487f9-container stk--no-background stk--no-padding\"><div class=\"stk-block-content stk-inner-blocks stk-1e487f9-inner-blocks\">\n<div class=\"wp-block-stackable-image stk-block-image stk-block stk-16910c1\" data-block-id=\"16910c1\"><style>.stk-16910c1 .stk-img-wrapper{aspect-ratio:2\/3 !important;height:749px !important;}<\/style><figure><span class=\"stk-img-wrapper stk-image--shape-stretch stk--has-lightbox\"><img loading=\"lazy\" decoding=\"async\" class=\"stk-img wp-image-3123\" src=\"https:\/\/framedbyevelina.com\/wp-content\/uploads\/2025\/03\/wedding-photogprapher-in-vilnius.jpg\" width=\"862\" height=\"1311\" srcset=\"https:\/\/framedbyevelina.com\/wp-content\/uploads\/2025\/03\/wedding-photogprapher-in-vilnius.jpg 862w, https:\/\/framedbyevelina.com\/wp-content\/uploads\/2025\/03\/wedding-photogprapher-in-vilnius-197x300.jpg 197w, https:\/\/framedbyevelina.com\/wp-content\/uploads\/2025\/03\/wedding-photogprapher-in-vilnius-673x1024.jpg 673w, https:\/\/framedbyevelina.com\/wp-content\/uploads\/2025\/03\/wedding-photogprapher-in-vilnius-768x1168.jpg 768w, https:\/\/framedbyevelina.com\/wp-content\/uploads\/2025\/03\/wedding-photogprapher-in-vilnius-8x12.jpg 8w\" sizes=\"(max-width: 862px) 100vw, 862px\" \/><\/span><\/figure><\/div>\n<\/div><\/div><\/div>\n\n\n\n<div class=\"wp-block-stackable-column stk-block-column stk-column stk-block stk-b499c0d\" data-v=\"4\" data-block-id=\"b499c0d\"><div class=\"stk-column-wrapper stk-block-column__content stk-container stk-b499c0d-container stk--no-background stk--no-padding\"><div class=\"stk-block-content stk-inner-blocks stk-b499c0d-inner-blocks\">\n<div class=\"wp-block-stackable-image stk-block-image stk-block stk-02c67de\" data-block-id=\"02c67de\"><style>.stk-02c67de .stk-img-wrapper{height:749px !important;}<\/style><figure><span class=\"stk-img-wrapper stk-image--shape-stretch stk--has-lightbox\"><img loading=\"lazy\" decoding=\"async\" class=\"stk-img wp-image-6493\" src=\"https:\/\/framedbyevelina.com\/wp-content\/uploads\/2026\/03\/wedding-couple-dancing-by-the-cake-scaled.jpg\" width=\"1707\" height=\"2560\" srcset=\"https:\/\/framedbyevelina.com\/wp-content\/uploads\/2026\/03\/wedding-couple-dancing-by-the-cake-scaled.jpg 1707w, https:\/\/framedbyevelina.com\/wp-content\/uploads\/2026\/03\/wedding-couple-dancing-by-the-cake-768x1152.jpg 768w, https:\/\/framedbyevelina.com\/wp-content\/uploads\/2026\/03\/wedding-couple-dancing-by-the-cake-1024x1536.jpg 1024w, https:\/\/framedbyevelina.com\/wp-content\/uploads\/2026\/03\/wedding-couple-dancing-by-the-cake-1365x2048.jpg 1365w, https:\/\/framedbyevelina.com\/wp-content\/uploads\/2026\/03\/wedding-couple-dancing-by-the-cake-8x12.jpg 8w\" sizes=\"(max-width: 1707px) 100vw, 1707px\" \/><\/span><\/figure><\/div>\n<\/div><\/div><\/div>\n<\/div><\/div>\n\n\n\n<div class=\"wp-block-stackable-heading stk-block-heading stk-block-heading--v2 stk-block stk-1ccaf1a\" id=\"panama-contacts\" data-block-id=\"1ccaf1a\"><style>.stk-1ccaf1a .stk-block-heading__text{font-size:2.2rem !important;font-weight:600 !important;font-family:\"Alice\", Sans-serif !important;}@media screen and (max-width:999px){.stk-1ccaf1a .stk-block-heading__text{font-size:2.2rem !important;}}@media screen and (max-width:689px){.stk-1ccaf1a .stk-block-heading__text{font-size:1.4rem !important;}}<\/style><h2 class=\"stk-block-heading__text has-text-align-center\">Panama Kontaktai<\/h2><\/div>\n\n\n\n<div class=\"wp-block-stackable-text stk-block-text stk-block stk-2d001f3\" data-block-id=\"2d001f3\"><style>.stk-2d001f3 {margin-bottom:10px !important;}.stk-2d001f3 .stk-block-text__text{font-size:1.2rem !important;}@media screen and (max-width:999px){.stk-2d001f3 .stk-block-text__text{font-size:1.2rem !important;}}@media screen and (max-width:689px){.stk-2d001f3 .stk-block-text__text{font-size:1rem !important;}}<\/style><p class=\"stk-block-text__text has-text-align-justify\">Nor\u0117dami gauti daugiau informacijos, apsilankyti vietoje ar atlikti rezervacij\u0105, galite tiesiogiai susisiekti su \u201ePanama Food Garden\u201c per:<\/p><\/div>\n\n\n\n<div class=\"wp-block-stackable-icon-list stk-block-icon-list stk-block stk-a240769\" data-block-id=\"a240769\"><svg style=\"display:none\"><defs><g id=\"stk-icon-list__icon-svg-def-a240769\"><svg xmlns=\"http:\/\/www.w3.org\/2000\/svg\" viewbox=\"0 0 190 190\"><polygon points=\"173.8,28.4 60.4,141.8 15.7,97.2 5.1,107.8 60.4,163 184.4,39 173.8,28.4\"\/><\/svg><\/g><\/defs><\/svg><ul class=\"stk-block-icon-list__ul stk-block-icon-list--column\">\n<li class=\"wp-block-stackable-icon-list-item stk-block-icon-list-item stk-block stk-2814651\" data-block-id=\"2814651\"><style>.stk-2814651 .stk-block-icon-list-item__text{font-size:1.2rem !important;}@media screen and (max-width:999px){.stk-2814651 .stk-block-icon-list-item__text{font-size:1.2rem !important;}}@media screen and (max-width:689px){.stk-2814651 .stk-block-icon-list-item__text{font-size:1rem !important;}}<\/style><div class=\"stk-block-icon-list-item__content\"><span class=\"stk--svg-wrapper\"><div class=\"stk--inner-svg\"><svg xmlns=\"http:\/\/www.w3.org\/2000\/svg\" viewbox=\"0 0 512 512\" aria-hidden=\"true\" width=\"32\" height=\"32\"><path d=\"M215.4 96H144 107.8 96v8.8V144v40.4 89L.2 202.5c1.6-18.1 10.9-34.9 25.7-45.8L48 140.3V96c0-26.5 21.5-48 48-48h76.6l49.9-36.9C232.2 3.9 243.9 0 256 0s23.8 3.9 33.5 11L339.4 48H416c26.5 0 48 21.5 48 48v44.3l22.1 16.4c14.8 10.9 24.1 27.7 25.7 45.8L416 273.4v-89V144 104.8 96H404.2 368 296.6 215.4zM0 448V242.1L217.6 403.3c11.1 8.2 24.6 12.7 38.4 12.7s27.3-4.4 38.4-12.7L512 242.1V448v0c0 35.3-28.7 64-64 64H64c-35.3 0-64-28.7-64-64v0zM176 160H336c8.8 0 16 7.2 16 16s-7.2 16-16 16H176c-8.8 0-16-7.2-16-16s7.2-16 16-16zm0 64H336c8.8 0 16 7.2 16 16s-7.2 16-16 16H176c-8.8 0-16-7.2-16-16s7.2-16 16-16z\"\/><\/svg><\/div><\/span><span class=\"stk-block-icon-list-item__text\"><strong>El. pa\u0161tas<\/strong>: hello@foodgarden.lt<\/span><\/div><\/li>\n\n\n\n<li class=\"wp-block-stackable-icon-list-item stk-block-icon-list-item stk-block stk-743cc39\" data-block-id=\"743cc39\"><style>.stk-743cc39 .stk-block-icon-list-item__text{font-size:1.2rem !important;}@media screen and (max-width:999px){.stk-743cc39 .stk-block-icon-list-item__text{font-size:1.2rem !important;}}@media screen and (max-width:689px){.stk-743cc39 .stk-block-icon-list-item__text{font-size:1rem !important;}}<\/style><div class=\"stk-block-icon-list-item__content\"><span class=\"stk--svg-wrapper\"><div class=\"stk--inner-svg\"><svg xmlns=\"http:\/\/www.w3.org\/2000\/svg\" viewbox=\"0 0 512 512\" aria-hidden=\"true\" width=\"32\" height=\"32\"><path d=\"M164.9 24.6c-7.7-18.6-28-28.5-47.4-23.2l-88 24C12.1 30.2 0 46 0 64C0 311.4 200.6 512 448 512c18 0 33.8-12.1 38.6-29.5l24-88c5.3-19.4-4.6-39.7-23.2-47.4l-96-40c-16.3-6.8-35.2-2.1-46.3 11.6L304.7 368C234.3 334.7 177.3 277.7 144 207.3L193.3 167c13.7-11.2 18.4-30 11.6-46.3l-40-96z\"\/><\/svg><\/div><\/span><span class=\"stk-block-icon-list-item__text\"><strong>Telefono nr<\/strong>: (8-650) 82829<\/span><\/div><\/li>\n\n\n\n<li class=\"wp-block-stackable-icon-list-item stk-block-icon-list-item stk-block stk-11dbece\" data-block-id=\"11dbece\"><style>.stk-11dbece .stk-block-icon-list-item__text{font-size:1.2rem !important;}@media screen and (max-width:999px){.stk-11dbece .stk-block-icon-list-item__text{font-size:1.2rem !important;}}@media screen and (max-width:689px){.stk-11dbece .stk-block-icon-list-item__text{font-size:1rem !important;}}<\/style><div class=\"stk-block-icon-list-item__content\"><span class=\"stk--svg-wrapper\"><div class=\"stk--inner-svg\"><svg xmlns=\"http:\/\/www.w3.org\/2000\/svg\" viewbox=\"0 0 512 512\" aria-hidden=\"true\" width=\"32\" height=\"32\"><path d=\"M512 256C512 114.6 397.4 0 256 0S0 114.6 0 256C0 376 82.7 476.8 194.2 504.5V334.2H141.4V256h52.8V222.3c0-87.1 39.4-127.5 125-127.5c16.2 0 44.2 3.2 55.7 6.4V172c-6-.6-16.5-1-29.6-1c-42 0-58.2 15.9-58.2 57.2V256h83.6l-14.4 78.2H287V510.1C413.8 494.8 512 386.9 512 256h0z\"\/><\/svg><\/div><\/span><span class=\"stk-block-icon-list-item__text\"><strong>Facebook<\/strong>: <a href=\"https:\/\/www.facebook.com\/panamafoodgarden\/\" target=\"_blank\" rel=\"noreferrer noopener\">www.facebook.com\/panamafoodgarden\/<\/a><\/span><\/div><\/li>\n\n\n\n<li class=\"wp-block-stackable-icon-list-item stk-block-icon-list-item stk-block stk-210ecee\" data-block-id=\"210ecee\"><style>.stk-210ecee .stk-block-icon-list-item__text{font-size:1.2rem !important;}@media screen and (max-width:999px){.stk-210ecee .stk-block-icon-list-item__text{font-size:1.2rem !important;}}@media screen and (max-width:689px){.stk-210ecee .stk-block-icon-list-item__text{font-size:1rem !important;}}<\/style><div class=\"stk-block-icon-list-item__content\"><span class=\"stk--svg-wrapper\"><div class=\"stk--inner-svg\"><svg xmlns=\"http:\/\/www.w3.org\/2000\/svg\" viewbox=\"0 0 576 512\" aria-hidden=\"true\" width=\"32\" height=\"32\"><path d=\"M408 120c0 54.6-73.1 151.9-105.2 192c-7.7 9.6-22 9.6-29.6 0C241.1 271.9 168 174.6 168 120C168 53.7 221.7 0 288 0s120 53.7 120 120zm8 80.4c3.5-6.9 6.7-13.8 9.6-20.6c.5-1.2 1-2.5 1.5-3.7l116-46.4C558.9 123.4 576 135 576 152V422.8c0 9.8-6 18.6-15.1 22.3L416 503V200.4zM137.6 138.3c2.4 14.1 7.2 28.3 12.8 41.5c2.9 6.8 6.1 13.7 9.6 20.6V451.8L32.9 502.7C17.1 509 0 497.4 0 480.4V209.6c0-9.8 6-18.6 15.1-22.3l122.6-49zM327.8 332c13.9-17.4 35.7-45.7 56.2-77V504.3L192 449.4V255c20.5 31.3 42.3 59.6 56.2 77c20.5 25.6 59.1 25.6 79.6 0zM288 152a40 40 0 1 0 0-80 40 40 0 1 0 0 80z\"\/><\/svg><\/div><\/span><span class=\"stk-block-icon-list-item__text\"><strong>Google Maps<\/strong>: <a href=\"https:\/\/maps.app.goo.gl\/GhtWU4g4ZfoJ7mZu9\" target=\"_blank\" rel=\"noreferrer noopener\">maps.app.goo.gl\/GhtWU4g4ZfoJ7mZu9<\/a><\/span><\/div><\/li>\n<\/ul><\/div>\n\n\n\n<div class=\"wp-block-stackable-image stk-block-image stk-block stk-120b315\" data-block-id=\"120b315\"><figure><span class=\"stk-img-wrapper stk-image--shape-stretch stk--has-lightbox\"><img loading=\"lazy\" decoding=\"async\" class=\"stk-img wp-image-3124\" src=\"https:\/\/framedbyevelina.com\/wp-content\/uploads\/2025\/03\/table-with-instant-cameras-on-wedding.jpg\" width=\"999\" height=\"720\" alt=\"\" srcset=\"https:\/\/framedbyevelina.com\/wp-content\/uploads\/2025\/03\/table-with-instant-cameras-on-wedding.jpg 999w, https:\/\/framedbyevelina.com\/wp-content\/uploads\/2025\/03\/table-with-instant-cameras-on-wedding-300x216.jpg 300w, https:\/\/framedbyevelina.com\/wp-content\/uploads\/2025\/03\/table-with-instant-cameras-on-wedding-768x554.jpg 768w, https:\/\/framedbyevelina.com\/wp-content\/uploads\/2025\/03\/table-with-instant-cameras-on-wedding-18x12.jpg 18w\" sizes=\"(max-width: 999px) 100vw, 999px\" \/><\/span><\/figure><\/div>\n\n\n\n<div class=\"wp-block-stackable-columns stk-block-columns stk-block stk-e27ee01\" data-block-id=\"e27ee01\"><div class=\"stk-row stk-inner-blocks stk-block-content stk-content-align stk-e27ee01-column\">\n<div class=\"wp-block-stackable-column stk-block-column stk-column stk-block stk-77c3875\" data-v=\"4\" data-block-id=\"77c3875\"><div class=\"stk-column-wrapper stk-block-column__content stk-container stk-77c3875-container stk--no-background stk--no-padding\"><div class=\"stk-block-content stk-inner-blocks stk-77c3875-inner-blocks\">\n<div class=\"wp-block-stackable-image stk-block-image stk-block stk-f26c4ef\" data-block-id=\"f26c4ef\"><figure><span class=\"stk-img-wrapper stk-image--shape-stretch stk--has-lightbox\"><img loading=\"lazy\" decoding=\"async\" class=\"stk-img wp-image-3125\" src=\"https:\/\/framedbyevelina.com\/wp-content\/uploads\/2025\/03\/vestuviu-dekoracijos-panama-food-garden.jpg\" width=\"687\" height=\"1042\" alt=\"\" srcset=\"https:\/\/framedbyevelina.com\/wp-content\/uploads\/2025\/03\/vestuviu-dekoracijos-panama-food-garden.jpg 687w, https:\/\/framedbyevelina.com\/wp-content\/uploads\/2025\/03\/vestuviu-dekoracijos-panama-food-garden-198x300.jpg 198w, https:\/\/framedbyevelina.com\/wp-content\/uploads\/2025\/03\/vestuviu-dekoracijos-panama-food-garden-675x1024.jpg 675w, https:\/\/framedbyevelina.com\/wp-content\/uploads\/2025\/03\/vestuviu-dekoracijos-panama-food-garden-8x12.jpg 8w\" sizes=\"(max-width: 687px) 100vw, 687px\" \/><\/span><\/figure><\/div>\n<\/div><\/div><\/div>\n\n\n\n<div class=\"wp-block-stackable-column stk-block-column stk-column stk-block stk-f4e45c1\" data-v=\"4\" data-block-id=\"f4e45c1\"><div class=\"stk-column-wrapper stk-block-column__content stk-container stk-f4e45c1-container stk--no-background stk--no-padding\"><div class=\"stk-block-content stk-inner-blocks stk-f4e45c1-inner-blocks\">\n<div class=\"wp-block-stackable-image stk-block-image stk-block stk-e69cb1d\" data-block-id=\"e69cb1d\"><figure><span class=\"stk-img-wrapper stk-image--shape-stretch stk--has-lightbox\"><img loading=\"lazy\" decoding=\"async\" class=\"stk-img wp-image-3129\" src=\"https:\/\/framedbyevelina.com\/wp-content\/uploads\/2025\/03\/jaukiausia-vestuviu-vieta-siltnamis.jpg\" width=\"720\" height=\"1080\" alt=\"\" srcset=\"https:\/\/framedbyevelina.com\/wp-content\/uploads\/2025\/03\/jaukiausia-vestuviu-vieta-siltnamis.jpg 720w, https:\/\/framedbyevelina.com\/wp-content\/uploads\/2025\/03\/jaukiausia-vestuviu-vieta-siltnamis-200x300.jpg 200w, https:\/\/framedbyevelina.com\/wp-content\/uploads\/2025\/03\/jaukiausia-vestuviu-vieta-siltnamis-683x1024.jpg 683w, https:\/\/framedbyevelina.com\/wp-content\/uploads\/2025\/03\/jaukiausia-vestuviu-vieta-siltnamis-8x12.jpg 8w\" sizes=\"(max-width: 720px) 100vw, 720px\" \/><\/span><\/figure><\/div>\n<\/div><\/div><\/div>\n<\/div><\/div>\n\n\n\n<div class=\"wp-block-stackable-image stk-block-image stk-block stk-e29b584\" data-block-id=\"e29b584\"><figure><span class=\"stk-img-wrapper stk-image--shape-stretch stk--has-lightbox\"><img loading=\"lazy\" decoding=\"async\" class=\"stk-img wp-image-3127\" src=\"https:\/\/framedbyevelina.com\/wp-content\/uploads\/2025\/03\/dekoracijos-vestuviu-stalui-panama-siltnamis.jpg\" width=\"1080\" height=\"720\" srcset=\"https:\/\/framedbyevelina.com\/wp-content\/uploads\/2025\/03\/dekoracijos-vestuviu-stalui-panama-siltnamis.jpg 1080w, https:\/\/framedbyevelina.com\/wp-content\/uploads\/2025\/03\/dekoracijos-vestuviu-stalui-panama-siltnamis-300x200.jpg 300w, https:\/\/framedbyevelina.com\/wp-content\/uploads\/2025\/03\/dekoracijos-vestuviu-stalui-panama-siltnamis-1024x683.jpg 1024w, https:\/\/framedbyevelina.com\/wp-content\/uploads\/2025\/03\/dekoracijos-vestuviu-stalui-panama-siltnamis-768x512.jpg 768w, https:\/\/framedbyevelina.com\/wp-content\/uploads\/2025\/03\/dekoracijos-vestuviu-stalui-panama-siltnamis-18x12.jpg 18w\" sizes=\"(max-width: 1080px) 100vw, 1080px\" \/><\/span><\/figure><\/div>\n\n\n\n<div class=\"wp-block-stackable-image stk-block-image stk-block stk-1973abc\" data-block-id=\"1973abc\"><figure><span class=\"stk-img-wrapper stk-image--shape-stretch stk--has-lightbox\"><img loading=\"lazy\" decoding=\"async\" class=\"stk-img wp-image-3134\" src=\"https:\/\/framedbyevelina.com\/wp-content\/uploads\/2025\/03\/restorano-dekoras-panama-gaden.jpg\" width=\"1200\" height=\"800\" srcset=\"https:\/\/framedbyevelina.com\/wp-content\/uploads\/2025\/03\/restorano-dekoras-panama-gaden.jpg 1200w, https:\/\/framedbyevelina.com\/wp-content\/uploads\/2025\/03\/restorano-dekoras-panama-gaden-300x200.jpg 300w, https:\/\/framedbyevelina.com\/wp-content\/uploads\/2025\/03\/restorano-dekoras-panama-gaden-1024x683.jpg 1024w, https:\/\/framedbyevelina.com\/wp-content\/uploads\/2025\/03\/restorano-dekoras-panama-gaden-768x512.jpg 768w, https:\/\/framedbyevelina.com\/wp-content\/uploads\/2025\/03\/restorano-dekoras-panama-gaden-18x12.jpg 18w\" sizes=\"(max-width: 1200px) 100vw, 1200px\" \/><\/span><\/figure><\/div>\n<\/div><\/div><\/div>\n<\/div><\/div>","protected":false},"excerpt":{"rendered":"<p>On This Page: Space reservation options and Rental prices Atmosphere Food and Catering Location Parking Accessibility Entertainment and music Decorations Photos and Photographer Panama Contacts Panama Food Garden in&nbsp;Vilnius is&nbsp;a&nbsp;popular venue choice for weddings, offering a&nbsp;unique blend of&nbsp;modern elegance and natural beauty. By&nbsp;choosing this venue for your wedding, you\u2019ll benefit from a&nbsp;combination of&nbsp;beautiful scenery, excellent [&hellip;]<\/p>\n","protected":false},"author":1,"featured_media":3079,"comment_status":"open","ping_status":"open","sticky":false,"template":"","format":"standard","meta":{"_uag_custom_page_level_css":"","footnotes":""},"categories":[81,82,65],"tags":[91,92,90,93],"class_list":["post-2993","post","type-post","status-publish","format-standard","has-post-thumbnail","hentry","category-venues-in-lithuania","category-venues-in-vilnius","category-weddings-in-lithuania","tag-panama-food-garden","tag-panama-food-garden-nuotraukos","tag-panama-food-garden-vestuves","tag-panama-restoranas"],"blocksy_meta":[],"uagb_featured_image_src":{"full":["https:\/\/framedbyevelina.com\/wp-content\/uploads\/2025\/03\/panama-food-garden-siltnamis.jpg",1200,800,false],"thumbnail":["https:\/\/framedbyevelina.com\/wp-content\/uploads\/2025\/03\/panama-food-garden-siltnamis-150x150.jpg",150,150,true],"medium":["https:\/\/framedbyevelina.com\/wp-content\/uploads\/2025\/03\/panama-food-garden-siltnamis-300x200.jpg",300,200,true],"medium_large":["https:\/\/framedbyevelina.com\/wp-content\/uploads\/2025\/03\/panama-food-garden-siltnamis-768x512.jpg",768,512,true],"large":["https:\/\/framedbyevelina.com\/wp-content\/uploads\/2025\/03\/panama-food-garden-siltnamis-1024x683.jpg",1024,683,true],"1536x1536":["https:\/\/framedbyevelina.com\/wp-content\/uploads\/2025\/03\/panama-food-garden-siltnamis.jpg",1200,800,false],"2048x2048":["https:\/\/framedbyevelina.com\/wp-content\/uploads\/2025\/03\/panama-food-garden-siltnamis.jpg",1200,800,false],"trp-custom-language-flag":["https:\/\/framedbyevelina.com\/wp-content\/uploads\/2025\/03\/panama-food-garden-siltnamis-18x12.jpg",18,12,true]},"uagb_author_info":{"display_name":"e.staniulyte98@gmail.com","author_link":"https:\/\/framedbyevelina.com\/lt\/author\/e-staniulyte98gmail-com\/"},"uagb_comment_info":0,"uagb_excerpt":"On This Page: Space reservation options and Rental prices Atmosphere Food and Catering Location Parking Accessibility Entertainment and music Decorations Photos and Photographer Panama Contacts Panama Food Garden in&nbsp;Vilnius is&nbsp;a&nbsp;popular venue choice for weddings, offering a&nbsp;unique blend of&nbsp;modern elegance and natural beauty. By&nbsp;choosing this venue for your wedding, you\u2019ll benefit from a&nbsp;combination of&nbsp;beautiful scenery, excellent&hellip;","_links":{"self":[{"href":"https:\/\/framedbyevelina.com\/lt\/wp-json\/wp\/v2\/posts\/2993","targetHints":{"allow":["GET"]}}],"collection":[{"href":"https:\/\/framedbyevelina.com\/lt\/wp-json\/wp\/v2\/posts"}],"about":[{"href":"https:\/\/framedbyevelina.com\/lt\/wp-json\/wp\/v2\/types\/post"}],"author":[{"embeddable":true,"href":"https:\/\/framedbyevelina.com\/lt\/wp-json\/wp\/v2\/users\/1"}],"replies":[{"embeddable":true,"href":"https:\/\/framedbyevelina.com\/lt\/wp-json\/wp\/v2\/comments?post=2993"}],"version-history":[{"count":77,"href":"https:\/\/framedbyevelina.com\/lt\/wp-json\/wp\/v2\/posts\/2993\/revisions"}],"predecessor-version":[{"id":8334,"href":"https:\/\/framedbyevelina.com\/lt\/wp-json\/wp\/v2\/posts\/2993\/revisions\/8334"}],"wp:featuredmedia":[{"embeddable":true,"href":"https:\/\/framedbyevelina.com\/lt\/wp-json\/wp\/v2\/media\/3079"}],"wp:attachment":[{"href":"https:\/\/framedbyevelina.com\/lt\/wp-json\/wp\/v2\/media?parent=2993"}],"wp:term":[{"taxonomy":"category","embeddable":true,"href":"https:\/\/framedbyevelina.com\/lt\/wp-json\/wp\/v2\/categories?post=2993"},{"taxonomy":"post_tag","embeddable":true,"href":"https:\/\/framedbyevelina.com\/lt\/wp-json\/wp\/v2\/tags?post=2993"}],"curies":[{"name":"wp","href":"https:\/\/api.w.org\/{rel}","templated":true}]}}